{"id":11897,"date":"2022-08-03T11:00:00","date_gmt":"2022-08-03T09:00:00","guid":{"rendered":"http:\/\/cms.mtsomnii.de\/w7\/merkur-de-gap\/mittenwalderin-in-schockstarre-91703298-html-11897\/"},"modified":"2022-08-03T11:00:00","modified_gmt":"2022-08-03T09:00:00","slug":"mittenwalderin-in-schockstarre-91703298-html","status":"publish","type":"post","link":"http:\/\/cms.mtsomnii.de\/w7\/merkur-de-gap\/mittenwalderin-in-schockstarre-91703298-html-11897\/","title":{"rendered":"Wieder ein B\u00e4r: Mittenwalderin in Schockstarre"},"content":{"rendered":"<div>Ein Braunb\u00e4r f\u00fchlt sich offenbar zunehmend wohl im Isartal. Bereits Ende April war ein Tier in eine Fotofalle getappt. Unweit des Lautersees will ihn eine Frau nun gar mit eigenen Augen gesehen haben. \u00d6ffentlich gemacht haben die zust\u00e4ndigen Stellen ihre Geschichte aber nicht.<\/div>\n","protected":false},"excerpt":{"rendered":"<p>Ein Braunb\u00e4r f\u00fchlt sich offenbar zunehmend wohl im Isartal. Bereits Ende April war ein Tier in eine Fotofalle getappt. Unweit des Lautersees will ihn eine Frau nun gar mit eigenen Augen gesehen haben. \u00d6ffentlich gemacht haben die zust\u00e4ndigen Stellen ihre Geschichte aber nicht.<\/p>\n","protected":false},"author":5,"featured_media":0,"comment_status":"closed","ping_status":"open","sticky":false,"template":"","format":"standard","meta":[],"categories":[5],"tags":[],"_links":{"self":[{"href":"http:\/\/cms.mtsomnii.de\/w7\/wp-json\/wp\/v2\/posts\/11897"}],"collection":[{"href":"http:\/\/cms.mtsomnii.de\/w7\/wp-json\/wp\/v2\/posts"}],"about":[{"href":"http:\/\/cms.mtsomnii.de\/w7\/wp-json\/wp\/v2\/types\/post"}],"author":[{"embeddable":true,"href":"http:\/\/cms.mtsomnii.de\/w7\/wp-json\/wp\/v2\/users\/5"}],"replies":[{"embeddable":true,"href":"http:\/\/cms.mtsomnii.de\/w7\/wp-json\/wp\/v2\/comments?post=11897"}],"version-history":[{"count":0,"href":"http:\/\/cms.mtsomnii.de\/w7\/wp-json\/wp\/v2\/posts\/11897\/revisions"}],"wp:attachment":[{"href":"http:\/\/cms.mtsomnii.de\/w7\/wp-json\/wp\/v2\/media?parent=11897"}],"wp:term":[{"taxonomy":"category","embeddable":true,"href":"http:\/\/cms.mtsomnii.de\/w7\/wp-json\/wp\/v2\/categories?post=11897"},{"taxonomy":"post_tag","embeddable":true,"href":"http:\/\/cms.mtsomnii.de\/w7\/wp-json\/wp\/v2\/tags?post=11897"}],"curies":[{"name":"wp","href":"https:\/\/api.w.org\/{rel}","templated":true}]}}