{"id":12246,"date":"2022-08-30T11:00:00","date_gmt":"2022-08-30T09:00:00","guid":{"rendered":"http:\/\/cms.mtsomnii.de\/w7\/kreisbote-gap\/kloster-ettal-und-ukrainische-fluechtlinge-feierten-gemeinsam-den-unabhaengigkeitstag-91755540-html-12246\/"},"modified":"2022-08-30T11:00:00","modified_gmt":"2022-08-30T09:00:00","slug":"kloster-ettal-und-ukrainische-fluechtlinge-feierten-gemeinsam-den-unabhaengigkeitstag-91755540-html","status":"publish","type":"post","link":"http:\/\/cms.mtsomnii.de\/w7\/kreisbote-gap\/kloster-ettal-und-ukrainische-fluechtlinge-feierten-gemeinsam-den-unabhaengigkeitstag-91755540-html-12246\/","title":{"rendered":"Kloster Ettal und ukrainische Fl\u00fcchtlinge feierten gemeinsam den Unabh\u00e4ngigkeitstag"},"content":{"rendered":"<div>Ettal \u2013 Der 24. August ist ein ganz besonderer Tag f\u00fcr die Ukraine. Seit 31 Jahren wird im Land der Unabh\u00e4ngigkeitstag gefeiert, normalerweise mit gro\u00dfen Paraden und Festen. Seit dem Kriegsbeginn im Februar dieses Jahres sind sch\u00e4tzungsweise \u00fcber 5,5 Millionen Ukrainer aus dem Land geflohen, 180.000 davon nach Bayern. Auch im Kloster Ettal leben seit Mitte M\u00e4rz rund 50 Personen aus der Ukraine, die hier die Hoffnung auf Frieden und Sicherheit suchen.<\/div>\n","protected":false},"excerpt":{"rendered":"<p>Ettal \u2013 Der 24. August ist ein ganz besonderer Tag f\u00fcr die Ukraine. Seit 31 Jahren wird im Land der Unabh\u00e4ngigkeitstag gefeiert, normalerweise mit gro\u00dfen Paraden und Festen. Seit dem Kriegsbeginn im Februar dieses Jahres sind sch\u00e4tzungsweise \u00fcber 5,5 Millionen Ukrainer aus dem Land geflohen, 180.000 davon nach Bayern. Auch im Kloster Ettal leben seit Mitte M\u00e4rz rund 50 Personen<\/p>\n","protected":false},"author":4,"featured_media":0,"comment_status":"closed","ping_status":"open","sticky":false,"template":"","format":"standard","meta":[],"categories":[2],"tags":[],"_links":{"self":[{"href":"http:\/\/cms.mtsomnii.de\/w7\/wp-json\/wp\/v2\/posts\/12246"}],"collection":[{"href":"http:\/\/cms.mtsomnii.de\/w7\/wp-json\/wp\/v2\/posts"}],"about":[{"href":"http:\/\/cms.mtsomnii.de\/w7\/wp-json\/wp\/v2\/types\/post"}],"author":[{"embeddable":true,"href":"http:\/\/cms.mtsomnii.de\/w7\/wp-json\/wp\/v2\/users\/4"}],"replies":[{"embeddable":true,"href":"http:\/\/cms.mtsomnii.de\/w7\/wp-json\/wp\/v2\/comments?post=12246"}],"version-history":[{"count":0,"href":"http:\/\/cms.mtsomnii.de\/w7\/wp-json\/wp\/v2\/posts\/12246\/revisions"}],"wp:attachment":[{"href":"http:\/\/cms.mtsomnii.de\/w7\/wp-json\/wp\/v2\/media?parent=12246"}],"wp:term":[{"taxonomy":"category","embeddable":true,"href":"http:\/\/cms.mtsomnii.de\/w7\/wp-json\/wp\/v2\/categories?post=12246"},{"taxonomy":"post_tag","embeddable":true,"href":"http:\/\/cms.mtsomnii.de\/w7\/wp-json\/wp\/v2\/tags?post=12246"}],"curies":[{"name":"wp","href":"https:\/\/api.w.org\/{rel}","templated":true}]}}