{"id":12261,"date":"2022-08-30T11:54:22","date_gmt":"2022-08-30T09:54:22","guid":{"rendered":"http:\/\/cms.mtsomnii.de\/w7\/merkur-de-gap\/reparaturen-und-schieneninspektionen-bei-der-werdenfelsbahn-hauptstrecke-bis-mitte-november-zu-91755910-html-2-12261\/"},"modified":"2022-08-30T11:54:22","modified_gmt":"2022-08-30T09:54:22","slug":"reparaturen-und-schieneninspektionen-bei-der-werdenfelsbahn-hauptstrecke-bis-mitte-november-zu-91755910-html-2","status":"publish","type":"post","link":"http:\/\/cms.mtsomnii.de\/w7\/merkur-de-gap\/reparaturen-und-schieneninspektionen-bei-der-werdenfelsbahn-hauptstrecke-bis-mitte-november-zu-91755910-html-2-12261\/","title":{"rendered":"Reparaturen und Schieneninspektionen bei der Werdenfelsbahn: Hauptstrecke bis Mitte November zu"},"content":{"rendered":"<div>Urspr\u00fcnglich hatte die Bahn die Strecke Murnau &#8211; Mittenwald zum Schulstart am 13. September kurzzeitig wieder befahren wollen. Jetzt kommt der Konzern der Forderung der B\u00fcrgermeister nach und zieht die Bauma\u00dfnahmen durchg\u00e4ngig durch. Der Zugverkehr zwischen Murnau und Garmisch-Partenkirchen ruht bis 16. November. Die Ammertalbahn ist bis Dezember gesperrt.<\/div>\n","protected":false},"excerpt":{"rendered":"<p>Urspr\u00fcnglich hatte die Bahn die Strecke Murnau &#8211; Mittenwald zum Schulstart am 13. September kurzzeitig wieder befahren wollen. Jetzt kommt der Konzern der Forderung der B\u00fcrgermeister nach und zieht die Bauma\u00dfnahmen durchg\u00e4ngig durch. Der Zugverkehr zwischen Murnau und Garmisch-Partenkirchen ruht bis 16. November. Die Ammertalbahn ist bis Dezember gesperrt.<\/p>\n","protected":false},"author":5,"featured_media":0,"comment_status":"closed","ping_status":"open","sticky":false,"template":"","format":"standard","meta":[],"categories":[5],"tags":[],"_links":{"self":[{"href":"http:\/\/cms.mtsomnii.de\/w7\/wp-json\/wp\/v2\/posts\/12261"}],"collection":[{"href":"http:\/\/cms.mtsomnii.de\/w7\/wp-json\/wp\/v2\/posts"}],"about":[{"href":"http:\/\/cms.mtsomnii.de\/w7\/wp-json\/wp\/v2\/types\/post"}],"author":[{"embeddable":true,"href":"http:\/\/cms.mtsomnii.de\/w7\/wp-json\/wp\/v2\/users\/5"}],"replies":[{"embeddable":true,"href":"http:\/\/cms.mtsomnii.de\/w7\/wp-json\/wp\/v2\/comments?post=12261"}],"version-history":[{"count":0,"href":"http:\/\/cms.mtsomnii.de\/w7\/wp-json\/wp\/v2\/posts\/12261\/revisions"}],"wp:attachment":[{"href":"http:\/\/cms.mtsomnii.de\/w7\/wp-json\/wp\/v2\/media?parent=12261"}],"wp:term":[{"taxonomy":"category","embeddable":true,"href":"http:\/\/cms.mtsomnii.de\/w7\/wp-json\/wp\/v2\/categories?post=12261"},{"taxonomy":"post_tag","embeddable":true,"href":"http:\/\/cms.mtsomnii.de\/w7\/wp-json\/wp\/v2\/tags?post=12261"}],"curies":[{"name":"wp","href":"https:\/\/api.w.org\/{rel}","templated":true}]}}