{"id":12263,"date":"2022-08-30T13:30:00","date_gmt":"2022-08-30T11:30:00","guid":{"rendered":"http:\/\/cms.mtsomnii.de\/w7\/merkur-de-gap\/alpenhof-im-fokus-der-bundespolitik-91756162-html-2-12263\/"},"modified":"2022-08-30T13:30:00","modified_gmt":"2022-08-30T11:30:00","slug":"alpenhof-im-fokus-der-bundespolitik-91756162-html-2","status":"publish","type":"post","link":"http:\/\/cms.mtsomnii.de\/w7\/merkur-de-gap\/alpenhof-im-fokus-der-bundespolitik-91756162-html-2-12263\/","title":{"rendered":"Murnauer Alpenhof im Fokus der Bundespolitik: Dobrindt und Merz im Anmarsch"},"content":{"rendered":"<div>Die Tagesordnung ist noch nicht bekannt. Doch die Themen d\u00fcrften dem Gesch\u00e4ftsf\u00fchrenden Vorstand der CDU\/CSU-Bundestagsfraktion nicht ausgehen, wenn er sich am Freitag, 2. September, zur Klausur im Murnauer Alpenhof trifft.<\/div>\n","protected":false},"excerpt":{"rendered":"<p>Die Tagesordnung ist noch nicht bekannt. Doch die Themen d\u00fcrften dem Gesch\u00e4ftsf\u00fchrenden Vorstand der CDU\/CSU-Bundestagsfraktion nicht ausgehen, wenn er sich am Freitag, 2. September, zur Klausur im Murnauer Alpenhof trifft.<\/p>\n","protected":false},"author":5,"featured_media":0,"comment_status":"closed","ping_status":"open","sticky":false,"template":"","format":"standard","meta":[],"categories":[5],"tags":[],"_links":{"self":[{"href":"http:\/\/cms.mtsomnii.de\/w7\/wp-json\/wp\/v2\/posts\/12263"}],"collection":[{"href":"http:\/\/cms.mtsomnii.de\/w7\/wp-json\/wp\/v2\/posts"}],"about":[{"href":"http:\/\/cms.mtsomnii.de\/w7\/wp-json\/wp\/v2\/types\/post"}],"author":[{"embeddable":true,"href":"http:\/\/cms.mtsomnii.de\/w7\/wp-json\/wp\/v2\/users\/5"}],"replies":[{"embeddable":true,"href":"http:\/\/cms.mtsomnii.de\/w7\/wp-json\/wp\/v2\/comments?post=12263"}],"version-history":[{"count":0,"href":"http:\/\/cms.mtsomnii.de\/w7\/wp-json\/wp\/v2\/posts\/12263\/revisions"}],"wp:attachment":[{"href":"http:\/\/cms.mtsomnii.de\/w7\/wp-json\/wp\/v2\/media?parent=12263"}],"wp:term":[{"taxonomy":"category","embeddable":true,"href":"http:\/\/cms.mtsomnii.de\/w7\/wp-json\/wp\/v2\/categories?post=12263"},{"taxonomy":"post_tag","embeddable":true,"href":"http:\/\/cms.mtsomnii.de\/w7\/wp-json\/wp\/v2\/tags?post=12263"}],"curies":[{"name":"wp","href":"https:\/\/api.w.org\/{rel}","templated":true}]}}