{"id":12270,"date":"2022-08-31T10:18:08","date_gmt":"2022-08-31T08:18:08","guid":{"rendered":"http:\/\/cms.mtsomnii.de\/w7\/merkur-de-gap\/dna-analyse-schafriss-wolf-baer-hund-garmisch-partenkirchen-bayern-91757176-html-2-12270\/"},"modified":"2022-08-31T10:18:08","modified_gmt":"2022-08-31T08:18:08","slug":"dna-analyse-schafriss-wolf-baer-hund-garmisch-partenkirchen-bayern-91757176-html-2","status":"publish","type":"post","link":"http:\/\/cms.mtsomnii.de\/w7\/merkur-de-gap\/dna-analyse-schafriss-wolf-baer-hund-garmisch-partenkirchen-bayern-91757176-html-2-12270\/","title":{"rendered":"Nach brutalen Schafsrissen: DNA-Analyse liefert \u00fcberraschende Erkenntnis \u2013 Es war kein Wolf oder B\u00e4r"},"content":{"rendered":"<div>Das Landesamt f\u00fcr Umwelt ver\u00f6ffentlicht die Ergebnisse ihrer DNA-Analyse. Demnach haben weder Wolf noch B\u00e4r die Schafe vor einigen Wochen gerissen, sondern Hunde.<\/div>\n","protected":false},"excerpt":{"rendered":"<p>Das Landesamt f\u00fcr Umwelt ver\u00f6ffentlicht die Ergebnisse ihrer DNA-Analyse. Demnach haben weder Wolf noch B\u00e4r die Schafe vor einigen Wochen gerissen, sondern Hunde.<\/p>\n","protected":false},"author":5,"featured_media":0,"comment_status":"closed","ping_status":"open","sticky":false,"template":"","format":"standard","meta":[],"categories":[5],"tags":[],"_links":{"self":[{"href":"http:\/\/cms.mtsomnii.de\/w7\/wp-json\/wp\/v2\/posts\/12270"}],"collection":[{"href":"http:\/\/cms.mtsomnii.de\/w7\/wp-json\/wp\/v2\/posts"}],"about":[{"href":"http:\/\/cms.mtsomnii.de\/w7\/wp-json\/wp\/v2\/types\/post"}],"author":[{"embeddable":true,"href":"http:\/\/cms.mtsomnii.de\/w7\/wp-json\/wp\/v2\/users\/5"}],"replies":[{"embeddable":true,"href":"http:\/\/cms.mtsomnii.de\/w7\/wp-json\/wp\/v2\/comments?post=12270"}],"version-history":[{"count":0,"href":"http:\/\/cms.mtsomnii.de\/w7\/wp-json\/wp\/v2\/posts\/12270\/revisions"}],"wp:attachment":[{"href":"http:\/\/cms.mtsomnii.de\/w7\/wp-json\/wp\/v2\/media?parent=12270"}],"wp:term":[{"taxonomy":"category","embeddable":true,"href":"http:\/\/cms.mtsomnii.de\/w7\/wp-json\/wp\/v2\/categories?post=12270"},{"taxonomy":"post_tag","embeddable":true,"href":"http:\/\/cms.mtsomnii.de\/w7\/wp-json\/wp\/v2\/tags?post=12270"}],"curies":[{"name":"wp","href":"https:\/\/api.w.org\/{rel}","templated":true}]}}