{"id":12273,"date":"2022-08-31T11:23:50","date_gmt":"2022-08-31T09:23:50","guid":{"rendered":"http:\/\/cms.mtsomnii.de\/w7\/merkur-de-gap\/unfall-im-stau-bei-oberau-audi-fahrer-kollidierte-durch-ausweichmanoever-mit-fahrzeug-auf-der-gegenspur-91758082-html-2-12273\/"},"modified":"2022-08-31T11:23:50","modified_gmt":"2022-08-31T09:23:50","slug":"unfall-im-stau-bei-oberau-audi-fahrer-kollidierte-durch-ausweichmanoever-mit-fahrzeug-auf-der-gegenspur-91758082-html-2","status":"publish","type":"post","link":"http:\/\/cms.mtsomnii.de\/w7\/merkur-de-gap\/unfall-im-stau-bei-oberau-audi-fahrer-kollidierte-durch-ausweichmanoever-mit-fahrzeug-auf-der-gegenspur-91758082-html-2-12273\/","title":{"rendered":"Gescheitertes Ausweichman\u00f6ver bei Oberau: Audi-Fahrer lenkt Fahrzeug auf die Gegenfahrbahn"},"content":{"rendered":"<div>Am 30. August 2022, gegen 16.24 Uhr, kam es im Bereich Oberau auf der B2 zu einem Verkehrsunfall. Ein 54-j\u00e4hriger M\u00fcnchner war mit seinem Audi in Richtung M\u00fcnchen unterwegs. Aufgrund des hohen Verkehrsaufkommens kam es auf der B2 immer wieder zu stockendem bzw. stehendem Verkehr. Deshalb bremste ein Pkw vor dem Unfallverursacher ab und um nicht aufzufahren, wich der M\u00fcnchner mit seinem Audi nach links aus.<\/div>\n","protected":false},"excerpt":{"rendered":"<p>Am 30. August 2022, gegen 16.24 Uhr, kam es im Bereich Oberau auf der B2 zu einem Verkehrsunfall. Ein 54-j\u00e4hriger M\u00fcnchner war mit seinem Audi in Richtung M\u00fcnchen unterwegs. Aufgrund des hohen Verkehrsaufkommens kam es auf der B2 immer wieder zu stockendem bzw. stehendem Verkehr. Deshalb bremste ein Pkw vor dem Unfallverursacher ab und um nicht aufzufahren, wich der M\u00fcnchner<\/p>\n","protected":false},"author":5,"featured_media":0,"comment_status":"closed","ping_status":"open","sticky":false,"template":"","format":"standard","meta":[],"categories":[5],"tags":[],"_links":{"self":[{"href":"http:\/\/cms.mtsomnii.de\/w7\/wp-json\/wp\/v2\/posts\/12273"}],"collection":[{"href":"http:\/\/cms.mtsomnii.de\/w7\/wp-json\/wp\/v2\/posts"}],"about":[{"href":"http:\/\/cms.mtsomnii.de\/w7\/wp-json\/wp\/v2\/types\/post"}],"author":[{"embeddable":true,"href":"http:\/\/cms.mtsomnii.de\/w7\/wp-json\/wp\/v2\/users\/5"}],"replies":[{"embeddable":true,"href":"http:\/\/cms.mtsomnii.de\/w7\/wp-json\/wp\/v2\/comments?post=12273"}],"version-history":[{"count":0,"href":"http:\/\/cms.mtsomnii.de\/w7\/wp-json\/wp\/v2\/posts\/12273\/revisions"}],"wp:attachment":[{"href":"http:\/\/cms.mtsomnii.de\/w7\/wp-json\/wp\/v2\/media?parent=12273"}],"wp:term":[{"taxonomy":"category","embeddable":true,"href":"http:\/\/cms.mtsomnii.de\/w7\/wp-json\/wp\/v2\/categories?post=12273"},{"taxonomy":"post_tag","embeddable":true,"href":"http:\/\/cms.mtsomnii.de\/w7\/wp-json\/wp\/v2\/tags?post=12273"}],"curies":[{"name":"wp","href":"https:\/\/api.w.org\/{rel}","templated":true}]}}