{"id":12282,"date":"2022-09-01T11:00:00","date_gmt":"2022-09-01T09:00:00","guid":{"rendered":"http:\/\/cms.mtsomnii.de\/w7\/merkur-de-gap\/erfolgsgeschichte-mit-neuem-drehbuch-91759247-html-12282\/"},"modified":"2022-09-01T11:00:00","modified_gmt":"2022-09-01T09:00:00","slug":"erfolgsgeschichte-mit-neuem-drehbuch-91759247-html","status":"publish","type":"post","link":"http:\/\/cms.mtsomnii.de\/w7\/merkur-de-gap\/erfolgsgeschichte-mit-neuem-drehbuch-91759247-html-12282\/","title":{"rendered":"Almfest in Kr\u00fcn: Erfolgsgeschichte mit neuem Drehbuch"},"content":{"rendered":"<div>Diese Veranstaltung hat im Isartaler Terminkalender einen festen Platz. Man k\u00f6nnte fast sagen, das Almfest in Kr\u00fcn hat sich zum Sp\u00e4tsommer-Klassiker in der Alpenwelt Karwendel entwickelt. In 16 Tagen geht es nach zwei Jahren Corona-Pause wieder \u00fcber die B\u00fchne \u2013 mit einer wesentlichen Ver\u00e4nderung.<\/div>\n","protected":false},"excerpt":{"rendered":"<p>Diese Veranstaltung hat im Isartaler Terminkalender einen festen Platz. Man k\u00f6nnte fast sagen, das Almfest in Kr\u00fcn hat sich zum Sp\u00e4tsommer-Klassiker in der Alpenwelt Karwendel entwickelt. In 16 Tagen geht es nach zwei Jahren Corona-Pause wieder \u00fcber die B\u00fchne \u2013 mit einer wesentlichen Ver\u00e4nderung.<\/p>\n","protected":false},"author":5,"featured_media":0,"comment_status":"closed","ping_status":"open","sticky":false,"template":"","format":"standard","meta":[],"categories":[5],"tags":[],"_links":{"self":[{"href":"http:\/\/cms.mtsomnii.de\/w7\/wp-json\/wp\/v2\/posts\/12282"}],"collection":[{"href":"http:\/\/cms.mtsomnii.de\/w7\/wp-json\/wp\/v2\/posts"}],"about":[{"href":"http:\/\/cms.mtsomnii.de\/w7\/wp-json\/wp\/v2\/types\/post"}],"author":[{"embeddable":true,"href":"http:\/\/cms.mtsomnii.de\/w7\/wp-json\/wp\/v2\/users\/5"}],"replies":[{"embeddable":true,"href":"http:\/\/cms.mtsomnii.de\/w7\/wp-json\/wp\/v2\/comments?post=12282"}],"version-history":[{"count":0,"href":"http:\/\/cms.mtsomnii.de\/w7\/wp-json\/wp\/v2\/posts\/12282\/revisions"}],"wp:attachment":[{"href":"http:\/\/cms.mtsomnii.de\/w7\/wp-json\/wp\/v2\/media?parent=12282"}],"wp:term":[{"taxonomy":"category","embeddable":true,"href":"http:\/\/cms.mtsomnii.de\/w7\/wp-json\/wp\/v2\/categories?post=12282"},{"taxonomy":"post_tag","embeddable":true,"href":"http:\/\/cms.mtsomnii.de\/w7\/wp-json\/wp\/v2\/tags?post=12282"}],"curies":[{"name":"wp","href":"https:\/\/api.w.org\/{rel}","templated":true}]}}