{"id":12333,"date":"2022-09-05T10:26:45","date_gmt":"2022-09-05T08:26:45","guid":{"rendered":"http:\/\/cms.mtsomnii.de\/w7\/merkur-de-gap\/garmisch-partenkirchnerin-wurde-von-rauchmelder-aufgeweckt-kueche-brannte-91768231-html-3-12333\/"},"modified":"2022-09-05T10:26:45","modified_gmt":"2022-09-05T08:26:45","slug":"garmisch-partenkirchnerin-wurde-von-rauchmelder-aufgeweckt-kueche-brannte-91768231-html-3","status":"publish","type":"post","link":"http:\/\/cms.mtsomnii.de\/w7\/merkur-de-gap\/garmisch-partenkirchnerin-wurde-von-rauchmelder-aufgeweckt-kueche-brannte-91768231-html-3-12333\/","title":{"rendered":"Garmisch-Partenkirchnerin wurde von Rauchmelder aufgeweckt: K\u00fcche brannte"},"content":{"rendered":"<div>Zu einem K\u00fcchenbrand kam es am sp\u00e4ten Sonntagmorgen in der Wohnung eines Mehrfamilienhauses am Kurpark in Garmisch-Partenkirchen. Zu diesem Zeitpunkt befand sich allein die 38-j\u00e4hrige Bewohnerin schlafender Weise in der Wohnung, sie erwachte gl\u00fccklicherweise rechtzeitig durch das Ausl\u00f6sen der Rauchmelder.<\/div>\n","protected":false},"excerpt":{"rendered":"<p>Zu einem K\u00fcchenbrand kam es am sp\u00e4ten Sonntagmorgen in der Wohnung eines Mehrfamilienhauses am Kurpark in Garmisch-Partenkirchen. Zu diesem Zeitpunkt befand sich allein die 38-j\u00e4hrige Bewohnerin schlafender Weise in der Wohnung, sie erwachte gl\u00fccklicherweise rechtzeitig durch das Ausl\u00f6sen der Rauchmelder.<\/p>\n","protected":false},"author":5,"featured_media":0,"comment_status":"closed","ping_status":"open","sticky":false,"template":"","format":"standard","meta":[],"categories":[5],"tags":[],"_links":{"self":[{"href":"http:\/\/cms.mtsomnii.de\/w7\/wp-json\/wp\/v2\/posts\/12333"}],"collection":[{"href":"http:\/\/cms.mtsomnii.de\/w7\/wp-json\/wp\/v2\/posts"}],"about":[{"href":"http:\/\/cms.mtsomnii.de\/w7\/wp-json\/wp\/v2\/types\/post"}],"author":[{"embeddable":true,"href":"http:\/\/cms.mtsomnii.de\/w7\/wp-json\/wp\/v2\/users\/5"}],"replies":[{"embeddable":true,"href":"http:\/\/cms.mtsomnii.de\/w7\/wp-json\/wp\/v2\/comments?post=12333"}],"version-history":[{"count":0,"href":"http:\/\/cms.mtsomnii.de\/w7\/wp-json\/wp\/v2\/posts\/12333\/revisions"}],"wp:attachment":[{"href":"http:\/\/cms.mtsomnii.de\/w7\/wp-json\/wp\/v2\/media?parent=12333"}],"wp:term":[{"taxonomy":"category","embeddable":true,"href":"http:\/\/cms.mtsomnii.de\/w7\/wp-json\/wp\/v2\/categories?post=12333"},{"taxonomy":"post_tag","embeddable":true,"href":"http:\/\/cms.mtsomnii.de\/w7\/wp-json\/wp\/v2\/tags?post=12333"}],"curies":[{"name":"wp","href":"https:\/\/api.w.org\/{rel}","templated":true}]}}