{"id":12511,"date":"2022-09-21T11:00:00","date_gmt":"2022-09-21T09:00:00","guid":{"rendered":"http:\/\/cms.mtsomnii.de\/w7\/kreisbote-gap\/orgelwanderung-in-garmisch-partenkirchen-91800840-html-12511\/"},"modified":"2022-09-21T11:00:00","modified_gmt":"2022-09-21T09:00:00","slug":"orgelwanderung-in-garmisch-partenkirchen-91800840-html","status":"publish","type":"post","link":"http:\/\/cms.mtsomnii.de\/w7\/kreisbote-gap\/orgelwanderung-in-garmisch-partenkirchen-91800840-html-12511\/","title":{"rendered":"Orgelwanderung in Garmisch-Partenkirchen"},"content":{"rendered":"<div>GAP  \u2013 Laurent Wehrsdorf, der J\u00fcngste der Organisten, er\u00f6ffnet 2022 die Garmisch-Partenkirchner Orgelwanderung an der Vleugels-Orgel in der Garmischer Alten Kirche. Bereits zum neunten Male hat Helga M\u00fcller-Bardorff vom F\u00f6rderverein f\u00fcr Kirchenmusik im Werdenfelser Land e.V. die \u00f6kumenische musikalische Veranstaltung organisiert. Die K\u00f6nigin der Instrumente, das musikalische Wunderwerk aus Pfeifen und T\u00f6nen, steht dann erneut im Mittelpunkt. \u201eVon Kirche zu Kirche, von Orgel zu Orgel wandern, Musik von Komponisten aus verschiedenen Jahrhunderten, gespielt von bekannten hiesigen Kirchenmusikern, h\u00f6ren, das ist bereits eine sch\u00f6ne Tradition\u201c, erkl\u00e4rt sie. G\u00e4ste aus dem gesamten Landkreis bis aus M\u00fcnchen verbinden gern einen Ausflug ins Zugspitzland mit diesem musikalischen Angebot. Die Veranstaltung findet Samstag, 24. September 2022, von 14.30 bis 18.30 Uhr statt. Anschlie\u00dfend ist eine Einkehr in den Gasthof \u201eDrei Mohren\u201c, Ludwigstra\u00dfe 65, geplant.<\/div>\n","protected":false},"excerpt":{"rendered":"<p>GAP \u2013 Laurent Wehrsdorf, der J\u00fcngste der Organisten, er\u00f6ffnet 2022 die Garmisch-Partenkirchner Orgelwanderung an der Vleugels-Orgel in der Garmischer Alten Kirche. Bereits zum neunten Male hat Helga M\u00fcller-Bardorff vom F\u00f6rderverein f\u00fcr Kirchenmusik im Werdenfelser Land e.V. die \u00f6kumenische musikalische Veranstaltung organisiert. Die K\u00f6nigin der Instrumente, das musikalische Wunderwerk aus Pfeifen und T\u00f6nen, steht dann erneut im Mittelpunkt. \u201eVon Kirche zu<\/p>\n","protected":false},"author":4,"featured_media":0,"comment_status":"closed","ping_status":"open","sticky":false,"template":"","format":"standard","meta":[],"categories":[2],"tags":[],"_links":{"self":[{"href":"http:\/\/cms.mtsomnii.de\/w7\/wp-json\/wp\/v2\/posts\/12511"}],"collection":[{"href":"http:\/\/cms.mtsomnii.de\/w7\/wp-json\/wp\/v2\/posts"}],"about":[{"href":"http:\/\/cms.mtsomnii.de\/w7\/wp-json\/wp\/v2\/types\/post"}],"author":[{"embeddable":true,"href":"http:\/\/cms.mtsomnii.de\/w7\/wp-json\/wp\/v2\/users\/4"}],"replies":[{"embeddable":true,"href":"http:\/\/cms.mtsomnii.de\/w7\/wp-json\/wp\/v2\/comments?post=12511"}],"version-history":[{"count":0,"href":"http:\/\/cms.mtsomnii.de\/w7\/wp-json\/wp\/v2\/posts\/12511\/revisions"}],"wp:attachment":[{"href":"http:\/\/cms.mtsomnii.de\/w7\/wp-json\/wp\/v2\/media?parent=12511"}],"wp:term":[{"taxonomy":"category","embeddable":true,"href":"http:\/\/cms.mtsomnii.de\/w7\/wp-json\/wp\/v2\/categories?post=12511"},{"taxonomy":"post_tag","embeddable":true,"href":"http:\/\/cms.mtsomnii.de\/w7\/wp-json\/wp\/v2\/tags?post=12511"}],"curies":[{"name":"wp","href":"https:\/\/api.w.org\/{rel}","templated":true}]}}