{"id":12524,"date":"2022-09-21T12:11:00","date_gmt":"2022-09-21T10:11:00","guid":{"rendered":"http:\/\/cms.mtsomnii.de\/w7\/merkur-de-gap\/rettungswache-luftamt-legt-veto-ein-91801287-html-2-12524\/"},"modified":"2022-09-21T12:11:00","modified_gmt":"2022-09-21T10:11:00","slug":"rettungswache-luftamt-legt-veto-ein-91801287-html-2","status":"publish","type":"post","link":"http:\/\/cms.mtsomnii.de\/w7\/merkur-de-gap\/rettungswache-luftamt-legt-veto-ein-91801287-html-2-12524\/","title":{"rendered":"Neue Rettungswache: Luftamt legt Veto ein &#8211; BRK-Kreisgesch\u00e4ftsf\u00fchrer ist aber optimistisch"},"content":{"rendered":"<div>Eigentlich h\u00e4tte das Bayerische Rote Kreuz (BRK) l\u00e4ngst mit dem Bau der neuen Rettungswache in der N\u00e4he der Murnauer Unfallklinik beginnen wollen. Doch das Luftamt S\u00fcdbayern \u00e4u\u00dferte Vorbehalte. Diese haben mit dem Hubschrauberlandeplatz zu tun. BRK-Kreisgesch\u00e4ftsf\u00fchrer Klemens Reindl ist aber optimistisch, dass sich eine L\u00f6sung findet.<\/div>\n","protected":false},"excerpt":{"rendered":"<p>Eigentlich h\u00e4tte das Bayerische Rote Kreuz (BRK) l\u00e4ngst mit dem Bau der neuen Rettungswache in der N\u00e4he der Murnauer Unfallklinik beginnen wollen. Doch das Luftamt S\u00fcdbayern \u00e4u\u00dferte Vorbehalte. Diese haben mit dem Hubschrauberlandeplatz zu tun. BRK-Kreisgesch\u00e4ftsf\u00fchrer Klemens Reindl ist aber optimistisch, dass sich eine L\u00f6sung findet.<\/p>\n","protected":false},"author":5,"featured_media":0,"comment_status":"closed","ping_status":"open","sticky":false,"template":"","format":"standard","meta":[],"categories":[5],"tags":[],"_links":{"self":[{"href":"http:\/\/cms.mtsomnii.de\/w7\/wp-json\/wp\/v2\/posts\/12524"}],"collection":[{"href":"http:\/\/cms.mtsomnii.de\/w7\/wp-json\/wp\/v2\/posts"}],"about":[{"href":"http:\/\/cms.mtsomnii.de\/w7\/wp-json\/wp\/v2\/types\/post"}],"author":[{"embeddable":true,"href":"http:\/\/cms.mtsomnii.de\/w7\/wp-json\/wp\/v2\/users\/5"}],"replies":[{"embeddable":true,"href":"http:\/\/cms.mtsomnii.de\/w7\/wp-json\/wp\/v2\/comments?post=12524"}],"version-history":[{"count":0,"href":"http:\/\/cms.mtsomnii.de\/w7\/wp-json\/wp\/v2\/posts\/12524\/revisions"}],"wp:attachment":[{"href":"http:\/\/cms.mtsomnii.de\/w7\/wp-json\/wp\/v2\/media?parent=12524"}],"wp:term":[{"taxonomy":"category","embeddable":true,"href":"http:\/\/cms.mtsomnii.de\/w7\/wp-json\/wp\/v2\/categories?post=12524"},{"taxonomy":"post_tag","embeddable":true,"href":"http:\/\/cms.mtsomnii.de\/w7\/wp-json\/wp\/v2\/tags?post=12524"}],"curies":[{"name":"wp","href":"https:\/\/api.w.org\/{rel}","templated":true}]}}