{"id":12527,"date":"2022-09-22T05:03:57","date_gmt":"2022-09-22T03:03:57","guid":{"rendered":"http:\/\/cms.mtsomnii.de\/w7\/kreisbote-gap\/zum-zugspitzgipfel-abgestuerzt-auf-dem-weg-91787312-html-2-12527\/"},"modified":"2022-09-22T05:03:57","modified_gmt":"2022-09-22T03:03:57","slug":"zum-zugspitzgipfel-abgestuerzt-auf-dem-weg-91787312-html-2","status":"publish","type":"post","link":"http:\/\/cms.mtsomnii.de\/w7\/kreisbote-gap\/zum-zugspitzgipfel-abgestuerzt-auf-dem-weg-91787312-html-2-12527\/","title":{"rendered":"T\u00f6dlicher Bergunfall an der Zugspitze"},"content":{"rendered":"<div>Und wieder hat sich ein t\u00f6dlicher Bergunfall ereignet. Ein 62-j\u00e4hriger Bergsteiger aus dem Bereich Bergisch Gladbach, der ein erfahrener Kletterer und Alpinist war, st\u00fcrzte am Dienstagmittag in der Kletterroute \u201eEisenzeit\u201c auf dem Weg zum Zugspitzgipfel aus ungekl\u00e4rter Ursache ab.<\/div>\n","protected":false},"excerpt":{"rendered":"<p>Und wieder hat sich ein t\u00f6dlicher Bergunfall ereignet. Ein 62-j\u00e4hriger Bergsteiger aus dem Bereich Bergisch Gladbach, der ein erfahrener Kletterer und Alpinist war, st\u00fcrzte am Dienstagmittag in der Kletterroute \u201eEisenzeit\u201c auf dem Weg zum Zugspitzgipfel aus ungekl\u00e4rter Ursache ab.<\/p>\n","protected":false},"author":4,"featured_media":0,"comment_status":"closed","ping_status":"open","sticky":false,"template":"","format":"standard","meta":[],"categories":[2],"tags":[],"_links":{"self":[{"href":"http:\/\/cms.mtsomnii.de\/w7\/wp-json\/wp\/v2\/posts\/12527"}],"collection":[{"href":"http:\/\/cms.mtsomnii.de\/w7\/wp-json\/wp\/v2\/posts"}],"about":[{"href":"http:\/\/cms.mtsomnii.de\/w7\/wp-json\/wp\/v2\/types\/post"}],"author":[{"embeddable":true,"href":"http:\/\/cms.mtsomnii.de\/w7\/wp-json\/wp\/v2\/users\/4"}],"replies":[{"embeddable":true,"href":"http:\/\/cms.mtsomnii.de\/w7\/wp-json\/wp\/v2\/comments?post=12527"}],"version-history":[{"count":0,"href":"http:\/\/cms.mtsomnii.de\/w7\/wp-json\/wp\/v2\/posts\/12527\/revisions"}],"wp:attachment":[{"href":"http:\/\/cms.mtsomnii.de\/w7\/wp-json\/wp\/v2\/media?parent=12527"}],"wp:term":[{"taxonomy":"category","embeddable":true,"href":"http:\/\/cms.mtsomnii.de\/w7\/wp-json\/wp\/v2\/categories?post=12527"},{"taxonomy":"post_tag","embeddable":true,"href":"http:\/\/cms.mtsomnii.de\/w7\/wp-json\/wp\/v2\/tags?post=12527"}],"curies":[{"name":"wp","href":"https:\/\/api.w.org\/{rel}","templated":true}]}}