{"id":12529,"date":"2022-09-22T09:00:00","date_gmt":"2022-09-22T07:00:00","guid":{"rendered":"http:\/\/cms.mtsomnii.de\/w7\/kreisbote-gap\/zaehne-zusammengebissen-aber-die-freude-am-bergmarsch-nicht-verloren-gebirgsjaeger-steigen-durch-wolkenbruch-auf-91797503-html-12529\/"},"modified":"2022-09-22T09:00:00","modified_gmt":"2022-09-22T07:00:00","slug":"zaehne-zusammengebissen-aber-die-freude-am-bergmarsch-nicht-verloren-gebirgsjaeger-steigen-durch-wolkenbruch-auf-91797503-html","status":"publish","type":"post","link":"http:\/\/cms.mtsomnii.de\/w7\/kreisbote-gap\/zaehne-zusammengebissen-aber-die-freude-am-bergmarsch-nicht-verloren-gebirgsjaeger-steigen-durch-wolkenbruch-auf-91797503-html-12529\/","title":{"rendered":"Z\u00e4hne zusammengebissen, aber die Freude am Bergmarsch nicht verloren: Gebirgsj\u00e4ger steigen durch Wolkenbruch auf"},"content":{"rendered":"<div>Mittenwald \u2013 St\u00fcrmisches und gewittriges Bergwetter kann einen Gebirgsj\u00e4ger nicht aus der Ruhe bringen: Alpspitze und Estergebirge zeigten sich von ihrer launischen Seite, als die Soldatinnen und Soldaten vom Stabszug und von der 2. Kompanie des Gebirgsj\u00e4gerbataillons 233 in Mittenwald ihre mehrt\u00e4gigen Gebirgsleistungsm\u00e4rsche bei Garmisch-Patenkirchen absolvierten.<\/div>\n","protected":false},"excerpt":{"rendered":"<p>Mittenwald \u2013 St\u00fcrmisches und gewittriges Bergwetter kann einen Gebirgsj\u00e4ger nicht aus der Ruhe bringen: Alpspitze und Estergebirge zeigten sich von ihrer launischen Seite, als die Soldatinnen und Soldaten vom Stabszug und von der 2. Kompanie des Gebirgsj\u00e4gerbataillons 233 in Mittenwald ihre mehrt\u00e4gigen Gebirgsleistungsm\u00e4rsche bei Garmisch-Patenkirchen absolvierten.<\/p>\n","protected":false},"author":4,"featured_media":0,"comment_status":"closed","ping_status":"open","sticky":false,"template":"","format":"standard","meta":[],"categories":[2],"tags":[],"_links":{"self":[{"href":"http:\/\/cms.mtsomnii.de\/w7\/wp-json\/wp\/v2\/posts\/12529"}],"collection":[{"href":"http:\/\/cms.mtsomnii.de\/w7\/wp-json\/wp\/v2\/posts"}],"about":[{"href":"http:\/\/cms.mtsomnii.de\/w7\/wp-json\/wp\/v2\/types\/post"}],"author":[{"embeddable":true,"href":"http:\/\/cms.mtsomnii.de\/w7\/wp-json\/wp\/v2\/users\/4"}],"replies":[{"embeddable":true,"href":"http:\/\/cms.mtsomnii.de\/w7\/wp-json\/wp\/v2\/comments?post=12529"}],"version-history":[{"count":0,"href":"http:\/\/cms.mtsomnii.de\/w7\/wp-json\/wp\/v2\/posts\/12529\/revisions"}],"wp:attachment":[{"href":"http:\/\/cms.mtsomnii.de\/w7\/wp-json\/wp\/v2\/media?parent=12529"}],"wp:term":[{"taxonomy":"category","embeddable":true,"href":"http:\/\/cms.mtsomnii.de\/w7\/wp-json\/wp\/v2\/categories?post=12529"},{"taxonomy":"post_tag","embeddable":true,"href":"http:\/\/cms.mtsomnii.de\/w7\/wp-json\/wp\/v2\/tags?post=12529"}],"curies":[{"name":"wp","href":"https:\/\/api.w.org\/{rel}","templated":true}]}}