{"id":12554,"date":"2022-09-23T09:40:44","date_gmt":"2022-09-23T07:40:44","guid":{"rendered":"http:\/\/cms.mtsomnii.de\/w7\/merkur-de-gap\/garmisch-partenkirchen-73-jaehriger-geht-mit-schlagstock-auf-mann-los-91806663-html-2-12554\/"},"modified":"2022-09-23T09:40:44","modified_gmt":"2022-09-23T07:40:44","slug":"garmisch-partenkirchen-73-jaehriger-geht-mit-schlagstock-auf-mann-los-91806663-html-2","status":"publish","type":"post","link":"http:\/\/cms.mtsomnii.de\/w7\/merkur-de-gap\/garmisch-partenkirchen-73-jaehriger-geht-mit-schlagstock-auf-mann-los-91806663-html-2-12554\/","title":{"rendered":"Garmisch-Partenkirchen: 73-J\u00e4hriger geht mit Schlagstock auf Mann los"},"content":{"rendered":"<div>Mehrere Streifen der Polizeiinspektion Garmisch-Partenkirchen wurden am Donnerstag, gegen 12:45 Uhr, zu einer k\u00f6rperlichen Auseinandersetzung in der Archstra\u00dfe zwischen zwei M\u00e4nnern aus der Marktgemeinde alarmiert. Vor Ort war ein 73-J\u00e4hriger mit einer bislang unbekannten Autofahrerin in einen zun\u00e4chst verbalen Streit geraten, in dessen Verlauf der Mann mehrfach in bedrohlicher Weise an das Fahrzeug der Dame herantrat.<\/div>\n","protected":false},"excerpt":{"rendered":"<p>Mehrere Streifen der Polizeiinspektion Garmisch-Partenkirchen wurden am Donnerstag, gegen 12:45 Uhr, zu einer k\u00f6rperlichen Auseinandersetzung in der Archstra\u00dfe zwischen zwei M\u00e4nnern aus der Marktgemeinde alarmiert. Vor Ort war ein 73-J\u00e4hriger mit einer bislang unbekannten Autofahrerin in einen zun\u00e4chst verbalen Streit geraten, in dessen Verlauf der Mann mehrfach in bedrohlicher Weise an das Fahrzeug der Dame herantrat.<\/p>\n","protected":false},"author":5,"featured_media":0,"comment_status":"closed","ping_status":"open","sticky":false,"template":"","format":"standard","meta":[],"categories":[5],"tags":[],"_links":{"self":[{"href":"http:\/\/cms.mtsomnii.de\/w7\/wp-json\/wp\/v2\/posts\/12554"}],"collection":[{"href":"http:\/\/cms.mtsomnii.de\/w7\/wp-json\/wp\/v2\/posts"}],"about":[{"href":"http:\/\/cms.mtsomnii.de\/w7\/wp-json\/wp\/v2\/types\/post"}],"author":[{"embeddable":true,"href":"http:\/\/cms.mtsomnii.de\/w7\/wp-json\/wp\/v2\/users\/5"}],"replies":[{"embeddable":true,"href":"http:\/\/cms.mtsomnii.de\/w7\/wp-json\/wp\/v2\/comments?post=12554"}],"version-history":[{"count":0,"href":"http:\/\/cms.mtsomnii.de\/w7\/wp-json\/wp\/v2\/posts\/12554\/revisions"}],"wp:attachment":[{"href":"http:\/\/cms.mtsomnii.de\/w7\/wp-json\/wp\/v2\/media?parent=12554"}],"wp:term":[{"taxonomy":"category","embeddable":true,"href":"http:\/\/cms.mtsomnii.de\/w7\/wp-json\/wp\/v2\/categories?post=12554"},{"taxonomy":"post_tag","embeddable":true,"href":"http:\/\/cms.mtsomnii.de\/w7\/wp-json\/wp\/v2\/tags?post=12554"}],"curies":[{"name":"wp","href":"https:\/\/api.w.org\/{rel}","templated":true}]}}