{"id":12563,"date":"2022-09-26T09:00:00","date_gmt":"2022-09-26T07:00:00","guid":{"rendered":"http:\/\/cms.mtsomnii.de\/w7\/kreisbote-gap\/heterogene-sammlung-aus-dem-museum-werdenfels-an-das-zentrum-fuer-trachtengewand-uebergeben-91807382-html-12563\/"},"modified":"2022-09-26T09:00:00","modified_gmt":"2022-09-26T07:00:00","slug":"heterogene-sammlung-aus-dem-museum-werdenfels-an-das-zentrum-fuer-trachtengewand-uebergeben-91807382-html","status":"publish","type":"post","link":"http:\/\/cms.mtsomnii.de\/w7\/kreisbote-gap\/heterogene-sammlung-aus-dem-museum-werdenfels-an-das-zentrum-fuer-trachtengewand-uebergeben-91807382-html-12563\/","title":{"rendered":"Heterogene Sammlung aus dem Museum Werdenfels an das Zentrum f\u00fcr Trachtengewand \u00fcbergeben"},"content":{"rendered":"<div>Region \u2013 Rund 260 Kleidungsst\u00fccke und Accessoires \u2013 gr\u00f6\u00dftenteils aus dem 19. Jahrhundert \u2013 hat das Museum Werdenfels  in Garmisch-Partenkirchen jetzt an das Zentrum f\u00fcr Trachtengewand des Bezirks Oberbayern \u00fcbergeben. Grundlage f\u00fcr die \u00dcbergabe auf kommunaler Ebene ist die langj\u00e4hrige vertrauensvolle Zusammenarbeit der beiden Institutionen.<\/div>\n","protected":false},"excerpt":{"rendered":"<p>Region \u2013 Rund 260 Kleidungsst\u00fccke und Accessoires \u2013 gr\u00f6\u00dftenteils aus dem 19. Jahrhundert \u2013 hat das Museum Werdenfels in Garmisch-Partenkirchen jetzt an das Zentrum f\u00fcr Trachtengewand des Bezirks Oberbayern \u00fcbergeben. Grundlage f\u00fcr die \u00dcbergabe auf kommunaler Ebene ist die langj\u00e4hrige vertrauensvolle Zusammenarbeit der beiden Institutionen.<\/p>\n","protected":false},"author":4,"featured_media":0,"comment_status":"closed","ping_status":"open","sticky":false,"template":"","format":"standard","meta":[],"categories":[2],"tags":[],"_links":{"self":[{"href":"http:\/\/cms.mtsomnii.de\/w7\/wp-json\/wp\/v2\/posts\/12563"}],"collection":[{"href":"http:\/\/cms.mtsomnii.de\/w7\/wp-json\/wp\/v2\/posts"}],"about":[{"href":"http:\/\/cms.mtsomnii.de\/w7\/wp-json\/wp\/v2\/types\/post"}],"author":[{"embeddable":true,"href":"http:\/\/cms.mtsomnii.de\/w7\/wp-json\/wp\/v2\/users\/4"}],"replies":[{"embeddable":true,"href":"http:\/\/cms.mtsomnii.de\/w7\/wp-json\/wp\/v2\/comments?post=12563"}],"version-history":[{"count":0,"href":"http:\/\/cms.mtsomnii.de\/w7\/wp-json\/wp\/v2\/posts\/12563\/revisions"}],"wp:attachment":[{"href":"http:\/\/cms.mtsomnii.de\/w7\/wp-json\/wp\/v2\/media?parent=12563"}],"wp:term":[{"taxonomy":"category","embeddable":true,"href":"http:\/\/cms.mtsomnii.de\/w7\/wp-json\/wp\/v2\/categories?post=12563"},{"taxonomy":"post_tag","embeddable":true,"href":"http:\/\/cms.mtsomnii.de\/w7\/wp-json\/wp\/v2\/tags?post=12563"}],"curies":[{"name":"wp","href":"https:\/\/api.w.org\/{rel}","templated":true}]}}