{"id":12576,"date":"2022-09-27T11:00:00","date_gmt":"2022-09-27T09:00:00","guid":{"rendered":"http:\/\/cms.mtsomnii.de\/w7\/merkur-de-gap\/vor-allem-wenn-der-winter-vor-der-tuer-steht-wollen-viele-menschen-den-igeln-helfen-so-geht-richtig-91813211-html-2-12576\/"},"modified":"2022-09-27T11:00:00","modified_gmt":"2022-09-27T09:00:00","slug":"vor-allem-wenn-der-winter-vor-der-tuer-steht-wollen-viele-menschen-den-igeln-helfen-so-geht-richtig-91813211-html-2","status":"publish","type":"post","link":"http:\/\/cms.mtsomnii.de\/w7\/merkur-de-gap\/vor-allem-wenn-der-winter-vor-der-tuer-steht-wollen-viele-menschen-den-igeln-helfen-so-geht-richtig-91813211-html-2-12576\/","title":{"rendered":"Vor allem wenn der Winter vor der T\u00fcr steht, wollen viele Menschen den Igeln helfen &#8211; So geht`s richtig!"},"content":{"rendered":"<div>Region \u2013 Trotz zahlreicher Gefahren und Eingriffe in ihren Lebensraum sind Igel (noch) nicht in ihrem Bestand gef\u00e4hrdet. Sie geh\u00f6ren nach dem Bundesnaturschutzgesetz aber zu den besonders gesch\u00fctzten Tieren und d\u00fcrfen nicht gefangen, verletzt oder get\u00f6tet werden.<\/div>\n","protected":false},"excerpt":{"rendered":"<p>Region \u2013 Trotz zahlreicher Gefahren und Eingriffe in ihren Lebensraum sind Igel (noch) nicht in ihrem Bestand gef\u00e4hrdet. Sie geh\u00f6ren nach dem Bundesnaturschutzgesetz aber zu den besonders gesch\u00fctzten Tieren und d\u00fcrfen nicht gefangen, verletzt oder get\u00f6tet werden.<\/p>\n","protected":false},"author":5,"featured_media":0,"comment_status":"closed","ping_status":"open","sticky":false,"template":"","format":"standard","meta":[],"categories":[5],"tags":[],"_links":{"self":[{"href":"http:\/\/cms.mtsomnii.de\/w7\/wp-json\/wp\/v2\/posts\/12576"}],"collection":[{"href":"http:\/\/cms.mtsomnii.de\/w7\/wp-json\/wp\/v2\/posts"}],"about":[{"href":"http:\/\/cms.mtsomnii.de\/w7\/wp-json\/wp\/v2\/types\/post"}],"author":[{"embeddable":true,"href":"http:\/\/cms.mtsomnii.de\/w7\/wp-json\/wp\/v2\/users\/5"}],"replies":[{"embeddable":true,"href":"http:\/\/cms.mtsomnii.de\/w7\/wp-json\/wp\/v2\/comments?post=12576"}],"version-history":[{"count":0,"href":"http:\/\/cms.mtsomnii.de\/w7\/wp-json\/wp\/v2\/posts\/12576\/revisions"}],"wp:attachment":[{"href":"http:\/\/cms.mtsomnii.de\/w7\/wp-json\/wp\/v2\/media?parent=12576"}],"wp:term":[{"taxonomy":"category","embeddable":true,"href":"http:\/\/cms.mtsomnii.de\/w7\/wp-json\/wp\/v2\/categories?post=12576"},{"taxonomy":"post_tag","embeddable":true,"href":"http:\/\/cms.mtsomnii.de\/w7\/wp-json\/wp\/v2\/tags?post=12576"}],"curies":[{"name":"wp","href":"https:\/\/api.w.org\/{rel}","templated":true}]}}