{"id":12606,"date":"2022-09-30T09:00:00","date_gmt":"2022-09-30T07:00:00","guid":{"rendered":"http:\/\/cms.mtsomnii.de\/w7\/kreisbote-gap\/50-jahre-heilpaedagogische-tagesstaette-farchant-kinder-sollen-selbstbestimmtes-leben-fuehren-koennen-91813276-html-12606\/"},"modified":"2022-09-30T09:00:00","modified_gmt":"2022-09-30T07:00:00","slug":"50-jahre-heilpaedagogische-tagesstaette-farchant-kinder-sollen-selbstbestimmtes-leben-fuehren-koennen-91813276-html","status":"publish","type":"post","link":"http:\/\/cms.mtsomnii.de\/w7\/kreisbote-gap\/50-jahre-heilpaedagogische-tagesstaette-farchant-kinder-sollen-selbstbestimmtes-leben-fuehren-koennen-91813276-html-12606\/","title":{"rendered":"50 Jahre  Heilp\u00e4dagogische Tagesst\u00e4tte Farchant: Kinder sollen selbstbestimmtes Leben f\u00fchren k\u00f6nnen"},"content":{"rendered":"<div>Farchant \u2013 Die Heilp\u00e4dagogische Tagesst\u00e4tte Farchant (HPT-Farchant) f\u00fcr geistig behinderte und lern- oder verhaltensauff\u00e4llige Kinder und Jugendliche im Schulalter wurde vor 50 Jahren von der Caritas gegr\u00fcndet, 1986 zogen die damals f\u00fcnf Gruppen dann nach Farchant und wurden von der Kinder-, Jugend- und Erwachsenenhilfe (KJE) \u00fcbernommen (siehe Kasten).<\/div>\n","protected":false},"excerpt":{"rendered":"<p>Farchant \u2013 Die Heilp\u00e4dagogische Tagesst\u00e4tte Farchant (HPT-Farchant) f\u00fcr geistig behinderte und lern- oder verhaltensauff\u00e4llige Kinder und Jugendliche im Schulalter wurde vor 50 Jahren von der Caritas gegr\u00fcndet, 1986 zogen die damals f\u00fcnf Gruppen dann nach Farchant und wurden von der Kinder-, Jugend- und Erwachsenenhilfe (KJE) \u00fcbernommen (siehe Kasten).<\/p>\n","protected":false},"author":4,"featured_media":0,"comment_status":"closed","ping_status":"open","sticky":false,"template":"","format":"standard","meta":[],"categories":[2],"tags":[],"_links":{"self":[{"href":"http:\/\/cms.mtsomnii.de\/w7\/wp-json\/wp\/v2\/posts\/12606"}],"collection":[{"href":"http:\/\/cms.mtsomnii.de\/w7\/wp-json\/wp\/v2\/posts"}],"about":[{"href":"http:\/\/cms.mtsomnii.de\/w7\/wp-json\/wp\/v2\/types\/post"}],"author":[{"embeddable":true,"href":"http:\/\/cms.mtsomnii.de\/w7\/wp-json\/wp\/v2\/users\/4"}],"replies":[{"embeddable":true,"href":"http:\/\/cms.mtsomnii.de\/w7\/wp-json\/wp\/v2\/comments?post=12606"}],"version-history":[{"count":0,"href":"http:\/\/cms.mtsomnii.de\/w7\/wp-json\/wp\/v2\/posts\/12606\/revisions"}],"wp:attachment":[{"href":"http:\/\/cms.mtsomnii.de\/w7\/wp-json\/wp\/v2\/media?parent=12606"}],"wp:term":[{"taxonomy":"category","embeddable":true,"href":"http:\/\/cms.mtsomnii.de\/w7\/wp-json\/wp\/v2\/categories?post=12606"},{"taxonomy":"post_tag","embeddable":true,"href":"http:\/\/cms.mtsomnii.de\/w7\/wp-json\/wp\/v2\/tags?post=12606"}],"curies":[{"name":"wp","href":"https:\/\/api.w.org\/{rel}","templated":true}]}}