{"id":12622,"date":"2022-10-04T01:00:00","date_gmt":"2022-10-03T23:00:00","guid":{"rendered":"http:\/\/cms.mtsomnii.de\/w7\/kreisbote-gap\/experten-hilfe-bei-rueckenbeschwerden-aller-art-neuer-wirbelsaeulenspezialist-in-garmisch-partenkirchen-und-im-oberland-91820016-html-12622\/"},"modified":"2022-10-04T01:00:00","modified_gmt":"2022-10-03T23:00:00","slug":"experten-hilfe-bei-rueckenbeschwerden-aller-art-neuer-wirbelsaeulenspezialist-in-garmisch-partenkirchen-und-im-oberland-91820016-html","status":"publish","type":"post","link":"http:\/\/cms.mtsomnii.de\/w7\/kreisbote-gap\/experten-hilfe-bei-rueckenbeschwerden-aller-art-neuer-wirbelsaeulenspezialist-in-garmisch-partenkirchen-und-im-oberland-91820016-html-12622\/","title":{"rendered":"Experten-Hilfe bei R\u00fcckenbeschwerden aller Art: Neuer Wirbels\u00e4ulenspezialist in Garmisch-Partenkirchen und im Oberland\u00a0"},"content":{"rendered":"<div>Dr. Stephan Reindl arbeitete 15 Jahre als Spezialist f\u00fcr Wirbels\u00e4ulentherapie an der BG Unfallklinik Murnau. Am 01.10.22 er\u00f6ffnete er seine eigene Praxis. In Kooperation mit der regionalen Gemeinschaftspraxis \u201eOrthop\u00e4die Oberland\u201c ber\u00e4t und behandelt er Privat- und KassenpatientInnen nun an den drei Praxis-Standorten in Garmisch-Partenkirchen, Murnau und Weilheim.\u00a0<\/div>\n","protected":false},"excerpt":{"rendered":"<p>Dr. Stephan Reindl arbeitete 15 Jahre als Spezialist f\u00fcr Wirbels\u00e4ulentherapie an der BG Unfallklinik Murnau. Am 01.10.22 er\u00f6ffnete er seine eigene Praxis. In Kooperation mit der regionalen Gemeinschaftspraxis \u201eOrthop\u00e4die Oberland\u201c ber\u00e4t und behandelt er Privat- und KassenpatientInnen nun an den drei Praxis-Standorten in Garmisch-Partenkirchen, Murnau und Weilheim.\u00a0<\/p>\n","protected":false},"author":4,"featured_media":0,"comment_status":"closed","ping_status":"open","sticky":false,"template":"","format":"standard","meta":[],"categories":[2],"tags":[],"_links":{"self":[{"href":"http:\/\/cms.mtsomnii.de\/w7\/wp-json\/wp\/v2\/posts\/12622"}],"collection":[{"href":"http:\/\/cms.mtsomnii.de\/w7\/wp-json\/wp\/v2\/posts"}],"about":[{"href":"http:\/\/cms.mtsomnii.de\/w7\/wp-json\/wp\/v2\/types\/post"}],"author":[{"embeddable":true,"href":"http:\/\/cms.mtsomnii.de\/w7\/wp-json\/wp\/v2\/users\/4"}],"replies":[{"embeddable":true,"href":"http:\/\/cms.mtsomnii.de\/w7\/wp-json\/wp\/v2\/comments?post=12622"}],"version-history":[{"count":0,"href":"http:\/\/cms.mtsomnii.de\/w7\/wp-json\/wp\/v2\/posts\/12622\/revisions"}],"wp:attachment":[{"href":"http:\/\/cms.mtsomnii.de\/w7\/wp-json\/wp\/v2\/media?parent=12622"}],"wp:term":[{"taxonomy":"category","embeddable":true,"href":"http:\/\/cms.mtsomnii.de\/w7\/wp-json\/wp\/v2\/categories?post=12622"},{"taxonomy":"post_tag","embeddable":true,"href":"http:\/\/cms.mtsomnii.de\/w7\/wp-json\/wp\/v2\/tags?post=12622"}],"curies":[{"name":"wp","href":"https:\/\/api.w.org\/{rel}","templated":true}]}}