{"id":12687,"date":"2022-10-10T07:00:00","date_gmt":"2022-10-10T05:00:00","guid":{"rendered":"http:\/\/cms.mtsomnii.de\/w7\/merkur-de-gap\/das-grosse-momo-jubilaeum-91839629-html-12687\/"},"modified":"2022-10-10T07:00:00","modified_gmt":"2022-10-10T05:00:00","slug":"das-grosse-momo-jubilaeum-91839629-html","status":"publish","type":"post","link":"http:\/\/cms.mtsomnii.de\/w7\/merkur-de-gap\/das-grosse-momo-jubilaeum-91839629-html-12687\/","title":{"rendered":"Garmisch-Partenkirchen feiert 2023 das gro\u00dfe \u201eMomo\u201c-Jubil\u00e4um"},"content":{"rendered":"<div>Michael Ende ist neben Richard Strauss der gro\u00dfe Sohn des Marktes Garmisch-Partenkirchen. N\u00e4chstes Jahr wird der Ausnahmeschriftsteller auf eine ganz besondere Weise gew\u00fcrdigt: mit einem ganzj\u00e4hrigen Programm zum 50-j\u00e4hrigen Jubil\u00e4um des Kultbuchs \u201eMomo\u201c.<\/div>\n","protected":false},"excerpt":{"rendered":"<p>Michael Ende ist neben Richard Strauss der gro\u00dfe Sohn des Marktes Garmisch-Partenkirchen. N\u00e4chstes Jahr wird der Ausnahmeschriftsteller auf eine ganz besondere Weise gew\u00fcrdigt: mit einem ganzj\u00e4hrigen Programm zum 50-j\u00e4hrigen Jubil\u00e4um des Kultbuchs \u201eMomo\u201c.<\/p>\n","protected":false},"author":5,"featured_media":0,"comment_status":"closed","ping_status":"open","sticky":false,"template":"","format":"standard","meta":[],"categories":[5],"tags":[],"_links":{"self":[{"href":"http:\/\/cms.mtsomnii.de\/w7\/wp-json\/wp\/v2\/posts\/12687"}],"collection":[{"href":"http:\/\/cms.mtsomnii.de\/w7\/wp-json\/wp\/v2\/posts"}],"about":[{"href":"http:\/\/cms.mtsomnii.de\/w7\/wp-json\/wp\/v2\/types\/post"}],"author":[{"embeddable":true,"href":"http:\/\/cms.mtsomnii.de\/w7\/wp-json\/wp\/v2\/users\/5"}],"replies":[{"embeddable":true,"href":"http:\/\/cms.mtsomnii.de\/w7\/wp-json\/wp\/v2\/comments?post=12687"}],"version-history":[{"count":0,"href":"http:\/\/cms.mtsomnii.de\/w7\/wp-json\/wp\/v2\/posts\/12687\/revisions"}],"wp:attachment":[{"href":"http:\/\/cms.mtsomnii.de\/w7\/wp-json\/wp\/v2\/media?parent=12687"}],"wp:term":[{"taxonomy":"category","embeddable":true,"href":"http:\/\/cms.mtsomnii.de\/w7\/wp-json\/wp\/v2\/categories?post=12687"},{"taxonomy":"post_tag","embeddable":true,"href":"http:\/\/cms.mtsomnii.de\/w7\/wp-json\/wp\/v2\/tags?post=12687"}],"curies":[{"name":"wp","href":"https:\/\/api.w.org\/{rel}","templated":true}]}}