{"id":12990,"date":"2022-11-04T13:44:16","date_gmt":"2022-11-04T12:44:16","guid":{"rendered":"http:\/\/cms.mtsomnii.de\/w7\/merkur-de-gap\/polizei-bittet-um-hinweise-junge-frau-aus-garmisch-partenkirchen-wird-vermisst-91894382-html-12990\/"},"modified":"2022-11-04T13:44:16","modified_gmt":"2022-11-04T12:44:16","slug":"polizei-bittet-um-hinweise-junge-frau-aus-garmisch-partenkirchen-wird-vermisst-91894382-html","status":"publish","type":"post","link":"http:\/\/cms.mtsomnii.de\/w7\/merkur-de-gap\/polizei-bittet-um-hinweise-junge-frau-aus-garmisch-partenkirchen-wird-vermisst-91894382-html-12990\/","title":{"rendered":"Polizei bittet um Hinweise: 30-J\u00e4hrige aus Garmisch-Partenkirchen wird vermisst"},"content":{"rendered":"<div>Die 30-J\u00e4hrige Laura Felix wird vermisst. Die Polizei fahndet nun nach der Garmisch-Partenkirchnerin und bittet die Bev\u00f6lkerung um ihre Hilfe.<\/div>\n","protected":false},"excerpt":{"rendered":"<p>Die 30-J\u00e4hrige Laura Felix wird vermisst. Die Polizei fahndet nun nach der Garmisch-Partenkirchnerin und bittet die Bev\u00f6lkerung um ihre Hilfe.<\/p>\n","protected":false},"author":5,"featured_media":0,"comment_status":"closed","ping_status":"open","sticky":false,"template":"","format":"standard","meta":[],"categories":[5],"tags":[],"_links":{"self":[{"href":"http:\/\/cms.mtsomnii.de\/w7\/wp-json\/wp\/v2\/posts\/12990"}],"collection":[{"href":"http:\/\/cms.mtsomnii.de\/w7\/wp-json\/wp\/v2\/posts"}],"about":[{"href":"http:\/\/cms.mtsomnii.de\/w7\/wp-json\/wp\/v2\/types\/post"}],"author":[{"embeddable":true,"href":"http:\/\/cms.mtsomnii.de\/w7\/wp-json\/wp\/v2\/users\/5"}],"replies":[{"embeddable":true,"href":"http:\/\/cms.mtsomnii.de\/w7\/wp-json\/wp\/v2\/comments?post=12990"}],"version-history":[{"count":0,"href":"http:\/\/cms.mtsomnii.de\/w7\/wp-json\/wp\/v2\/posts\/12990\/revisions"}],"wp:attachment":[{"href":"http:\/\/cms.mtsomnii.de\/w7\/wp-json\/wp\/v2\/media?parent=12990"}],"wp:term":[{"taxonomy":"category","embeddable":true,"href":"http:\/\/cms.mtsomnii.de\/w7\/wp-json\/wp\/v2\/categories?post=12990"},{"taxonomy":"post_tag","embeddable":true,"href":"http:\/\/cms.mtsomnii.de\/w7\/wp-json\/wp\/v2\/tags?post=12990"}],"curies":[{"name":"wp","href":"https:\/\/api.w.org\/{rel}","templated":true}]}}