{"id":13082,"date":"2022-11-15T15:00:00","date_gmt":"2022-11-15T14:00:00","guid":{"rendered":"http:\/\/cms.mtsomnii.de\/w7\/merkur-de-gap\/uebungsfluege-der-adac-luftrettung-nach-sonnenuntergang-im-grossraum-garmisch-partenkirchen-91917617-html-13082\/"},"modified":"2022-11-15T15:00:00","modified_gmt":"2022-11-15T14:00:00","slug":"uebungsfluege-der-adac-luftrettung-nach-sonnenuntergang-im-grossraum-garmisch-partenkirchen-91917617-html","status":"publish","type":"post","link":"http:\/\/cms.mtsomnii.de\/w7\/merkur-de-gap\/uebungsfluege-der-adac-luftrettung-nach-sonnenuntergang-im-grossraum-garmisch-partenkirchen-91917617-html-13082\/","title":{"rendered":"\u00dcbungsfl\u00fcge der ADAC Luftrettung nach Sonnenuntergang im Gro\u00dfraum Garmisch-Partenkirchen"},"content":{"rendered":"<div>GAP &#8211; Im Landkreis Garmisch-Partenkirchen finden bis Donnerstag, 17.11. 2022 \u00dcbungsfl\u00fcge der ADAC Luftrettung im Dunkeln statt. Darauf weist das in M\u00fcnchen ans\u00e4ssige gemeinn\u00fctzige Unternehmen hin und bittet die Bev\u00f6lkerung in der Region daf\u00fcr um Verst\u00e4ndnis. Die Schulungen f\u00fcr Eins\u00e4tze der ADAC Rettungshubschrauber in der D\u00e4mmerung und Dunkelheit beginnen nach Sonnenuntergang und enden sp\u00e4testens um 22 Uhr. Um besondere Belastungen zu vermeiden, werden die \u00dcbungsfl\u00fcge gro\u00dfr\u00e4umig auf die Region verteilt.\u00a0\u00a0<\/div>\n","protected":false},"excerpt":{"rendered":"<p>GAP &#8211; Im Landkreis Garmisch-Partenkirchen finden bis Donnerstag, 17.11. 2022 \u00dcbungsfl\u00fcge der ADAC Luftrettung im Dunkeln statt. Darauf weist das in M\u00fcnchen ans\u00e4ssige gemeinn\u00fctzige Unternehmen hin und bittet die Bev\u00f6lkerung in der Region daf\u00fcr um Verst\u00e4ndnis. Die Schulungen f\u00fcr Eins\u00e4tze der ADAC Rettungshubschrauber in der D\u00e4mmerung und Dunkelheit beginnen nach Sonnenuntergang und enden sp\u00e4testens um 22 Uhr. Um besondere Belastungen<\/p>\n","protected":false},"author":5,"featured_media":0,"comment_status":"closed","ping_status":"open","sticky":false,"template":"","format":"standard","meta":[],"categories":[5],"tags":[],"_links":{"self":[{"href":"http:\/\/cms.mtsomnii.de\/w7\/wp-json\/wp\/v2\/posts\/13082"}],"collection":[{"href":"http:\/\/cms.mtsomnii.de\/w7\/wp-json\/wp\/v2\/posts"}],"about":[{"href":"http:\/\/cms.mtsomnii.de\/w7\/wp-json\/wp\/v2\/types\/post"}],"author":[{"embeddable":true,"href":"http:\/\/cms.mtsomnii.de\/w7\/wp-json\/wp\/v2\/users\/5"}],"replies":[{"embeddable":true,"href":"http:\/\/cms.mtsomnii.de\/w7\/wp-json\/wp\/v2\/comments?post=13082"}],"version-history":[{"count":0,"href":"http:\/\/cms.mtsomnii.de\/w7\/wp-json\/wp\/v2\/posts\/13082\/revisions"}],"wp:attachment":[{"href":"http:\/\/cms.mtsomnii.de\/w7\/wp-json\/wp\/v2\/media?parent=13082"}],"wp:term":[{"taxonomy":"category","embeddable":true,"href":"http:\/\/cms.mtsomnii.de\/w7\/wp-json\/wp\/v2\/categories?post=13082"},{"taxonomy":"post_tag","embeddable":true,"href":"http:\/\/cms.mtsomnii.de\/w7\/wp-json\/wp\/v2\/tags?post=13082"}],"curies":[{"name":"wp","href":"https:\/\/api.w.org\/{rel}","templated":true}]}}