{"id":13084,"date":"2022-11-15T14:25:00","date_gmt":"2022-11-15T13:25:00","guid":{"rendered":"http:\/\/cms.mtsomnii.de\/w7\/kreisbote-gap\/kanzlei-ehrt-langjaehrige-mitarbeiter-fuer-35-jaehriges-betriebsjubilaeum-bei-hilleprandt-partner-und-auszeichnung-fuer-arbeitsschutz-fuer-sicher-mit-91916838-html-13084\/"},"modified":"2022-11-15T14:25:00","modified_gmt":"2022-11-15T13:25:00","slug":"kanzlei-ehrt-langjaehrige-mitarbeiter-fuer-35-jaehriges-betriebsjubilaeum-bei-hilleprandt-partner-und-auszeichnung-fuer-arbeitsschutz-fuer-sicher-mit-91916838-html","status":"publish","type":"post","link":"http:\/\/cms.mtsomnii.de\/w7\/kreisbote-gap\/kanzlei-ehrt-langjaehrige-mitarbeiter-fuer-35-jaehriges-betriebsjubilaeum-bei-hilleprandt-partner-und-auszeichnung-fuer-arbeitsschutz-fuer-sicher-mit-91916838-html-13084\/","title":{"rendered":"35 Jahre Hilleprandt &amp; PartnerKanzlei ehrt langj\u00e4hrige Mitarbeiter f\u00fcr das Betriebsjubil\u00e4um"},"content":{"rendered":"<div>GAP \u2013 Die neue Mitarbeiter-Lounge als Multifunktionsraum mit Betriebsk\u00fcche ist das Herzst\u00fcck der Erweiterung jener Betriebsr\u00e4ume bei Hilleprandt &amp; Partner in der Ludwigstra\u00dfe 60 im Ortsteil Partenkirchen. \u201eEinmal w\u00f6chentlich bieten wir auf diesem Parkett sogar einen Yoga-Kurs, sowie Fremdsprachenkurse f\u00fcr unsere Mitarbeiter an, die gut angenommen werden\u201c, schildert Martin Hilleprandt. Rechtzeitig zum Betriebsjubil\u00e4um \u201e35 Jahre Steuerkanzlei Hilleprandt\u201c erweiterten sich die R\u00e4umlichkeiten der Kanzlei um gute 100 Quadratmeter.<\/div>\n","protected":false},"excerpt":{"rendered":"<p>GAP \u2013 Die neue Mitarbeiter-Lounge als Multifunktionsraum mit Betriebsk\u00fcche ist das Herzst\u00fcck der Erweiterung jener Betriebsr\u00e4ume bei Hilleprandt &amp; Partner in der Ludwigstra\u00dfe 60 im Ortsteil Partenkirchen. \u201eEinmal w\u00f6chentlich bieten wir auf diesem Parkett sogar einen Yoga-Kurs, sowie Fremdsprachenkurse f\u00fcr unsere Mitarbeiter an, die gut angenommen werden\u201c, schildert Martin Hilleprandt. Rechtzeitig zum Betriebsjubil\u00e4um \u201e35 Jahre Steuerkanzlei Hilleprandt\u201c erweiterten sich die<\/p>\n","protected":false},"author":4,"featured_media":0,"comment_status":"closed","ping_status":"open","sticky":false,"template":"","format":"standard","meta":[],"categories":[2],"tags":[],"_links":{"self":[{"href":"http:\/\/cms.mtsomnii.de\/w7\/wp-json\/wp\/v2\/posts\/13084"}],"collection":[{"href":"http:\/\/cms.mtsomnii.de\/w7\/wp-json\/wp\/v2\/posts"}],"about":[{"href":"http:\/\/cms.mtsomnii.de\/w7\/wp-json\/wp\/v2\/types\/post"}],"author":[{"embeddable":true,"href":"http:\/\/cms.mtsomnii.de\/w7\/wp-json\/wp\/v2\/users\/4"}],"replies":[{"embeddable":true,"href":"http:\/\/cms.mtsomnii.de\/w7\/wp-json\/wp\/v2\/comments?post=13084"}],"version-history":[{"count":0,"href":"http:\/\/cms.mtsomnii.de\/w7\/wp-json\/wp\/v2\/posts\/13084\/revisions"}],"wp:attachment":[{"href":"http:\/\/cms.mtsomnii.de\/w7\/wp-json\/wp\/v2\/media?parent=13084"}],"wp:term":[{"taxonomy":"category","embeddable":true,"href":"http:\/\/cms.mtsomnii.de\/w7\/wp-json\/wp\/v2\/categories?post=13084"},{"taxonomy":"post_tag","embeddable":true,"href":"http:\/\/cms.mtsomnii.de\/w7\/wp-json\/wp\/v2\/tags?post=13084"}],"curies":[{"name":"wp","href":"https:\/\/api.w.org\/{rel}","templated":true}]}}