{"id":13086,"date":"2022-11-15T18:50:38","date_gmt":"2022-11-15T17:50:38","guid":{"rendered":"http:\/\/cms.mtsomnii.de\/w7\/merkur-de-gap\/soeder-dehoga-gastgebertag-garmisch-partenkirchen-kritik-bundesregierung-91918415-html-13086\/"},"modified":"2022-11-15T18:50:38","modified_gmt":"2022-11-15T17:50:38","slug":"soeder-dehoga-gastgebertag-garmisch-partenkirchen-kritik-bundesregierung-91918415-html","status":"publish","type":"post","link":"http:\/\/cms.mtsomnii.de\/w7\/merkur-de-gap\/soeder-dehoga-gastgebertag-garmisch-partenkirchen-kritik-bundesregierung-91918415-html-13086\/","title":{"rendered":"Auftritt als Mutmacher &#8211; S\u00f6der beim Gastgebertag in Garmisch-Partenkirchen"},"content":{"rendered":"<div>Die Hotel- und Gastrobranche steht vor gewaltigen Herausforderungen. Die hohen Energiepreise und der Fachkr\u00e4ftemangel setzen vielen Betrieben zu. Beim Gastgebertag in Garmisch-Partenkirchen sicherte Bayerns Ministerpr\u00e4sident Markus S\u00f6der (CSU) den Unternehmern Unterst\u00fctzung zu \u2013 und machte ihnen Mut.<\/div>\n","protected":false},"excerpt":{"rendered":"<p>Die Hotel- und Gastrobranche steht vor gewaltigen Herausforderungen. Die hohen Energiepreise und der Fachkr\u00e4ftemangel setzen vielen Betrieben zu. Beim Gastgebertag in Garmisch-Partenkirchen sicherte Bayerns Ministerpr\u00e4sident Markus S\u00f6der (CSU) den Unternehmern Unterst\u00fctzung zu \u2013 und machte ihnen Mut.<\/p>\n","protected":false},"author":5,"featured_media":0,"comment_status":"closed","ping_status":"open","sticky":false,"template":"","format":"standard","meta":[],"categories":[5],"tags":[],"_links":{"self":[{"href":"http:\/\/cms.mtsomnii.de\/w7\/wp-json\/wp\/v2\/posts\/13086"}],"collection":[{"href":"http:\/\/cms.mtsomnii.de\/w7\/wp-json\/wp\/v2\/posts"}],"about":[{"href":"http:\/\/cms.mtsomnii.de\/w7\/wp-json\/wp\/v2\/types\/post"}],"author":[{"embeddable":true,"href":"http:\/\/cms.mtsomnii.de\/w7\/wp-json\/wp\/v2\/users\/5"}],"replies":[{"embeddable":true,"href":"http:\/\/cms.mtsomnii.de\/w7\/wp-json\/wp\/v2\/comments?post=13086"}],"version-history":[{"count":0,"href":"http:\/\/cms.mtsomnii.de\/w7\/wp-json\/wp\/v2\/posts\/13086\/revisions"}],"wp:attachment":[{"href":"http:\/\/cms.mtsomnii.de\/w7\/wp-json\/wp\/v2\/media?parent=13086"}],"wp:term":[{"taxonomy":"category","embeddable":true,"href":"http:\/\/cms.mtsomnii.de\/w7\/wp-json\/wp\/v2\/categories?post=13086"},{"taxonomy":"post_tag","embeddable":true,"href":"http:\/\/cms.mtsomnii.de\/w7\/wp-json\/wp\/v2\/tags?post=13086"}],"curies":[{"name":"wp","href":"https:\/\/api.w.org\/{rel}","templated":true}]}}