{"id":13118,"date":"2022-11-19T09:00:00","date_gmt":"2022-11-19T08:00:00","guid":{"rendered":"http:\/\/cms.mtsomnii.de\/w7\/merkur-de-gap\/solarpark-wallgau-sagt-nein-91925043-html-13118\/"},"modified":"2022-11-19T09:00:00","modified_gmt":"2022-11-19T08:00:00","slug":"solarpark-wallgau-sagt-nein-91925043-html","status":"publish","type":"post","link":"http:\/\/cms.mtsomnii.de\/w7\/merkur-de-gap\/solarpark-wallgau-sagt-nein-91925043-html-13118\/","title":{"rendered":"Solarpark: Wallgau sagt nein"},"content":{"rendered":"<div>Sie h\u00e4tte gen\u00fcgend Strom produziert, um die H\u00e4lfte der Wallgauer Haushalte versorgen zu k\u00f6nnen. Doch mit 8:5 Stimmen ist die geplante PhotovoltaikAnlage auf einer Freifl\u00e4che am Kieswerk vom Gemeinderat abgelehnt worden. B\u00fcrgermeister und Antragsteller bedauern diese Abfuhr zutiefst.<\/div>\n","protected":false},"excerpt":{"rendered":"<p>Sie h\u00e4tte gen\u00fcgend Strom produziert, um die H\u00e4lfte der Wallgauer Haushalte versorgen zu k\u00f6nnen. Doch mit 8:5 Stimmen ist die geplante PhotovoltaikAnlage auf einer Freifl\u00e4che am Kieswerk vom Gemeinderat abgelehnt worden. B\u00fcrgermeister und Antragsteller bedauern diese Abfuhr zutiefst.<\/p>\n","protected":false},"author":5,"featured_media":0,"comment_status":"closed","ping_status":"open","sticky":false,"template":"","format":"standard","meta":[],"categories":[5],"tags":[],"_links":{"self":[{"href":"http:\/\/cms.mtsomnii.de\/w7\/wp-json\/wp\/v2\/posts\/13118"}],"collection":[{"href":"http:\/\/cms.mtsomnii.de\/w7\/wp-json\/wp\/v2\/posts"}],"about":[{"href":"http:\/\/cms.mtsomnii.de\/w7\/wp-json\/wp\/v2\/types\/post"}],"author":[{"embeddable":true,"href":"http:\/\/cms.mtsomnii.de\/w7\/wp-json\/wp\/v2\/users\/5"}],"replies":[{"embeddable":true,"href":"http:\/\/cms.mtsomnii.de\/w7\/wp-json\/wp\/v2\/comments?post=13118"}],"version-history":[{"count":0,"href":"http:\/\/cms.mtsomnii.de\/w7\/wp-json\/wp\/v2\/posts\/13118\/revisions"}],"wp:attachment":[{"href":"http:\/\/cms.mtsomnii.de\/w7\/wp-json\/wp\/v2\/media?parent=13118"}],"wp:term":[{"taxonomy":"category","embeddable":true,"href":"http:\/\/cms.mtsomnii.de\/w7\/wp-json\/wp\/v2\/categories?post=13118"},{"taxonomy":"post_tag","embeddable":true,"href":"http:\/\/cms.mtsomnii.de\/w7\/wp-json\/wp\/v2\/tags?post=13118"}],"curies":[{"name":"wp","href":"https:\/\/api.w.org\/{rel}","templated":true}]}}