{"id":13119,"date":"2022-11-19T10:57:56","date_gmt":"2022-11-19T09:57:56","guid":{"rendered":"http:\/\/cms.mtsomnii.de\/w7\/merkur-de-gap\/garmisch-partenkirchen-fluechtlinge-migranten-unterkunft-traglufthalle-bayerrn-91925240-html-2-13119\/"},"modified":"2022-11-19T10:57:56","modified_gmt":"2022-11-19T09:57:56","slug":"garmisch-partenkirchen-fluechtlinge-migranten-unterkunft-traglufthalle-bayerrn-91925240-html-2","status":"publish","type":"post","link":"http:\/\/cms.mtsomnii.de\/w7\/merkur-de-gap\/garmisch-partenkirchen-fluechtlinge-migranten-unterkunft-traglufthalle-bayerrn-91925240-html-2-13119\/","title":{"rendered":"Neue Fl\u00fcchtlingswelle rollt an: Etwa 200 Migranten pro Monat &#8211; Traglufthallen nicht mehr ausgeschlossen"},"content":{"rendered":"<div>Eine gro\u00dfe Fl\u00fcchtlingswelle rollt ab Dezember an. Um die 200 Migranten erwartet die Beh\u00f6rde. Das Landratsamt schlie\u00dft mittlerweile auch Traglufthallen nicht mehr aus.<\/div>\n","protected":false},"excerpt":{"rendered":"<p>Eine gro\u00dfe Fl\u00fcchtlingswelle rollt ab Dezember an. Um die 200 Migranten erwartet die Beh\u00f6rde. Das Landratsamt schlie\u00dft mittlerweile auch Traglufthallen nicht mehr aus.<\/p>\n","protected":false},"author":5,"featured_media":0,"comment_status":"closed","ping_status":"open","sticky":false,"template":"","format":"standard","meta":[],"categories":[5],"tags":[],"_links":{"self":[{"href":"http:\/\/cms.mtsomnii.de\/w7\/wp-json\/wp\/v2\/posts\/13119"}],"collection":[{"href":"http:\/\/cms.mtsomnii.de\/w7\/wp-json\/wp\/v2\/posts"}],"about":[{"href":"http:\/\/cms.mtsomnii.de\/w7\/wp-json\/wp\/v2\/types\/post"}],"author":[{"embeddable":true,"href":"http:\/\/cms.mtsomnii.de\/w7\/wp-json\/wp\/v2\/users\/5"}],"replies":[{"embeddable":true,"href":"http:\/\/cms.mtsomnii.de\/w7\/wp-json\/wp\/v2\/comments?post=13119"}],"version-history":[{"count":0,"href":"http:\/\/cms.mtsomnii.de\/w7\/wp-json\/wp\/v2\/posts\/13119\/revisions"}],"wp:attachment":[{"href":"http:\/\/cms.mtsomnii.de\/w7\/wp-json\/wp\/v2\/media?parent=13119"}],"wp:term":[{"taxonomy":"category","embeddable":true,"href":"http:\/\/cms.mtsomnii.de\/w7\/wp-json\/wp\/v2\/categories?post=13119"},{"taxonomy":"post_tag","embeddable":true,"href":"http:\/\/cms.mtsomnii.de\/w7\/wp-json\/wp\/v2\/tags?post=13119"}],"curies":[{"name":"wp","href":"https:\/\/api.w.org\/{rel}","templated":true}]}}