{"id":13133,"date":"2022-11-19T17:17:40","date_gmt":"2022-11-19T16:17:40","guid":{"rendered":"http:\/\/cms.mtsomnii.de\/w7\/merkur-de-gap\/fuer-die-psychische-gesundheit-der-jugend-91925153-html-2-13133\/"},"modified":"2022-11-19T17:17:40","modified_gmt":"2022-11-19T16:17:40","slug":"fuer-die-psychische-gesundheit-der-jugend-91925153-html-2","status":"publish","type":"post","link":"http:\/\/cms.mtsomnii.de\/w7\/merkur-de-gap\/fuer-die-psychische-gesundheit-der-jugend-91925153-html-2-13133\/","title":{"rendered":"Dr. Katharina B\u00fchren setzt sich f\u00fcr psychische Gesundheit der Jugend ein"},"content":{"rendered":"<div>Die Murnauer Privatdozentin Dr. Katharina B\u00fchren ist die neue \u00c4rztliche Direktorin des kbo-Heckscher-Klinikums in M\u00fcnchen. Dieses Krankenhaus gilt als erste Anlaufstelle f\u00fcr Kinder und Jugendliche, die akute psychische Probleme haben.<\/div>\n","protected":false},"excerpt":{"rendered":"<p>Die Murnauer Privatdozentin Dr. Katharina B\u00fchren ist die neue \u00c4rztliche Direktorin des kbo-Heckscher-Klinikums in M\u00fcnchen. Dieses Krankenhaus gilt als erste Anlaufstelle f\u00fcr Kinder und Jugendliche, die akute psychische Probleme haben.<\/p>\n","protected":false},"author":5,"featured_media":0,"comment_status":"closed","ping_status":"open","sticky":false,"template":"","format":"standard","meta":[],"categories":[5],"tags":[],"_links":{"self":[{"href":"http:\/\/cms.mtsomnii.de\/w7\/wp-json\/wp\/v2\/posts\/13133"}],"collection":[{"href":"http:\/\/cms.mtsomnii.de\/w7\/wp-json\/wp\/v2\/posts"}],"about":[{"href":"http:\/\/cms.mtsomnii.de\/w7\/wp-json\/wp\/v2\/types\/post"}],"author":[{"embeddable":true,"href":"http:\/\/cms.mtsomnii.de\/w7\/wp-json\/wp\/v2\/users\/5"}],"replies":[{"embeddable":true,"href":"http:\/\/cms.mtsomnii.de\/w7\/wp-json\/wp\/v2\/comments?post=13133"}],"version-history":[{"count":0,"href":"http:\/\/cms.mtsomnii.de\/w7\/wp-json\/wp\/v2\/posts\/13133\/revisions"}],"wp:attachment":[{"href":"http:\/\/cms.mtsomnii.de\/w7\/wp-json\/wp\/v2\/media?parent=13133"}],"wp:term":[{"taxonomy":"category","embeddable":true,"href":"http:\/\/cms.mtsomnii.de\/w7\/wp-json\/wp\/v2\/categories?post=13133"},{"taxonomy":"post_tag","embeddable":true,"href":"http:\/\/cms.mtsomnii.de\/w7\/wp-json\/wp\/v2\/tags?post=13133"}],"curies":[{"name":"wp","href":"https:\/\/api.w.org\/{rel}","templated":true}]}}