{"id":13165,"date":"2022-11-21T05:18:26","date_gmt":"2022-11-21T04:18:26","guid":{"rendered":"http:\/\/cms.mtsomnii.de\/w7\/merkur-de-gap\/bayerrn-garmisch-partenkirchen-fluechtlinge-migranten-unterkunft-91925240-html-2-13165\/"},"modified":"2022-11-21T05:18:26","modified_gmt":"2022-11-21T04:18:26","slug":"bayerrn-garmisch-partenkirchen-fluechtlinge-migranten-unterkunft-91925240-html-2","status":"publish","type":"post","link":"http:\/\/cms.mtsomnii.de\/w7\/merkur-de-gap\/bayerrn-garmisch-partenkirchen-fluechtlinge-migranten-unterkunft-91925240-html-2-13165\/","title":{"rendered":"Neue Fl\u00fcchtlingswelle: Etwa 200 Migranten pro Monat &#8211; Traglufthallen nicht mehr ausgeschlossen"},"content":{"rendered":"<div>Eine gro\u00dfe Fl\u00fcchtlingswelle rollt ab Dezember an. Um die 200 Migranten erwartet die Beh\u00f6rde. Das Landratsamt schlie\u00dft mittlerweile auch Traglufthallen nicht mehr aus.<\/div>\n","protected":false},"excerpt":{"rendered":"<p>Eine gro\u00dfe Fl\u00fcchtlingswelle rollt ab Dezember an. Um die 200 Migranten erwartet die Beh\u00f6rde. Das Landratsamt schlie\u00dft mittlerweile auch Traglufthallen nicht mehr aus.<\/p>\n","protected":false},"author":5,"featured_media":0,"comment_status":"closed","ping_status":"open","sticky":false,"template":"","format":"standard","meta":[],"categories":[5],"tags":[],"_links":{"self":[{"href":"http:\/\/cms.mtsomnii.de\/w7\/wp-json\/wp\/v2\/posts\/13165"}],"collection":[{"href":"http:\/\/cms.mtsomnii.de\/w7\/wp-json\/wp\/v2\/posts"}],"about":[{"href":"http:\/\/cms.mtsomnii.de\/w7\/wp-json\/wp\/v2\/types\/post"}],"author":[{"embeddable":true,"href":"http:\/\/cms.mtsomnii.de\/w7\/wp-json\/wp\/v2\/users\/5"}],"replies":[{"embeddable":true,"href":"http:\/\/cms.mtsomnii.de\/w7\/wp-json\/wp\/v2\/comments?post=13165"}],"version-history":[{"count":0,"href":"http:\/\/cms.mtsomnii.de\/w7\/wp-json\/wp\/v2\/posts\/13165\/revisions"}],"wp:attachment":[{"href":"http:\/\/cms.mtsomnii.de\/w7\/wp-json\/wp\/v2\/media?parent=13165"}],"wp:term":[{"taxonomy":"category","embeddable":true,"href":"http:\/\/cms.mtsomnii.de\/w7\/wp-json\/wp\/v2\/categories?post=13165"},{"taxonomy":"post_tag","embeddable":true,"href":"http:\/\/cms.mtsomnii.de\/w7\/wp-json\/wp\/v2\/tags?post=13165"}],"curies":[{"name":"wp","href":"https:\/\/api.w.org\/{rel}","templated":true}]}}