{"id":13167,"date":"2022-11-21T13:06:16","date_gmt":"2022-11-21T12:06:16","guid":{"rendered":"http:\/\/cms.mtsomnii.de\/w7\/merkur-de-gap\/abstimmung-zum-kongresshaus-gemeinderat-garmisch-partenkirchen-hat-fuer-einen-buergerentscheid-votiert-91929274-html-3-13167\/"},"modified":"2022-11-21T13:06:16","modified_gmt":"2022-11-21T12:06:16","slug":"abstimmung-zum-kongresshaus-gemeinderat-garmisch-partenkirchen-hat-fuer-einen-buergerentscheid-votiert-91929274-html-3","status":"publish","type":"post","link":"http:\/\/cms.mtsomnii.de\/w7\/merkur-de-gap\/abstimmung-zum-kongresshaus-gemeinderat-garmisch-partenkirchen-hat-fuer-einen-buergerentscheid-votiert-91929274-html-3-13167\/","title":{"rendered":"Abstimmung zum Kongresshaus: Gemeinderat Garmisch-Partenkirchen hat f\u00fcr einen B\u00fcrgerentscheid votiert"},"content":{"rendered":"<div>GAP \u2013 Mit 20:7 Stimmen hat der Gemeinderat Garmisch-Partenkirchen am vergangenen Donnerstag f\u00fcr einen B\u00fcrger\u00adentscheid zum Kongresshaus abgestimmt. Die B\u00fcrgerinnen und B\u00fcrger von Garmisch-Partenkirchen werden am 12. Februar 2023 die Gelegenheit haben, \u00fcber die Zukunft des Kongresshauses und des umliegenden Areals zu entscheiden.<\/div>\n","protected":false},"excerpt":{"rendered":"<p>GAP \u2013 Mit 20:7 Stimmen hat der Gemeinderat Garmisch-Partenkirchen am vergangenen Donnerstag f\u00fcr einen B\u00fcrger\u00adentscheid zum Kongresshaus abgestimmt. Die B\u00fcrgerinnen und B\u00fcrger von Garmisch-Partenkirchen werden am 12. Februar 2023 die Gelegenheit haben, \u00fcber die Zukunft des Kongresshauses und des umliegenden Areals zu entscheiden.<\/p>\n","protected":false},"author":5,"featured_media":0,"comment_status":"closed","ping_status":"open","sticky":false,"template":"","format":"standard","meta":[],"categories":[5],"tags":[],"_links":{"self":[{"href":"http:\/\/cms.mtsomnii.de\/w7\/wp-json\/wp\/v2\/posts\/13167"}],"collection":[{"href":"http:\/\/cms.mtsomnii.de\/w7\/wp-json\/wp\/v2\/posts"}],"about":[{"href":"http:\/\/cms.mtsomnii.de\/w7\/wp-json\/wp\/v2\/types\/post"}],"author":[{"embeddable":true,"href":"http:\/\/cms.mtsomnii.de\/w7\/wp-json\/wp\/v2\/users\/5"}],"replies":[{"embeddable":true,"href":"http:\/\/cms.mtsomnii.de\/w7\/wp-json\/wp\/v2\/comments?post=13167"}],"version-history":[{"count":0,"href":"http:\/\/cms.mtsomnii.de\/w7\/wp-json\/wp\/v2\/posts\/13167\/revisions"}],"wp:attachment":[{"href":"http:\/\/cms.mtsomnii.de\/w7\/wp-json\/wp\/v2\/media?parent=13167"}],"wp:term":[{"taxonomy":"category","embeddable":true,"href":"http:\/\/cms.mtsomnii.de\/w7\/wp-json\/wp\/v2\/categories?post=13167"},{"taxonomy":"post_tag","embeddable":true,"href":"http:\/\/cms.mtsomnii.de\/w7\/wp-json\/wp\/v2\/tags?post=13167"}],"curies":[{"name":"wp","href":"https:\/\/api.w.org\/{rel}","templated":true}]}}