{"id":13172,"date":"2022-11-22T09:00:00","date_gmt":"2022-11-22T08:00:00","guid":{"rendered":"http:\/\/cms.mtsomnii.de\/w7\/merkur-de-gap\/gewinnerbilder-zieren-das-neue-mobilitaetsheft-des-landkreises-garmisch-partenkirchen-91928569-html-13172\/"},"modified":"2022-11-22T09:00:00","modified_gmt":"2022-11-22T08:00:00","slug":"gewinnerbilder-zieren-das-neue-mobilitaetsheft-des-landkreises-garmisch-partenkirchen-91928569-html","status":"publish","type":"post","link":"http:\/\/cms.mtsomnii.de\/w7\/merkur-de-gap\/gewinnerbilder-zieren-das-neue-mobilitaetsheft-des-landkreises-garmisch-partenkirchen-91928569-html-13172\/","title":{"rendered":"Gewinnerbilder zieren das neue Mobilit\u00e4tsheft des Landkreises Garmisch-Partenkirchen"},"content":{"rendered":"<div>GAP \u2013 \u201eWie stelle ich mir die Mobilit\u00e4t der Zukunft vor?\u201c Dies war das Motto des diesj\u00e4hrigen Kreativwettbewerbs, zu dem die Stabsstelle Klimaschutz &amp; Mobilit\u00e4t im Landratsamt im Zuge der Europ\u00e4ischen Mobilit\u00e4tswoche aufgerufen hatte. Kinder und Jugendliche der Jahrg\u00e4nge 2003 bis 2011 waren aufgerufen ihrer Kreativit\u00e4t freien Lauf zu lassen und Ihre Ideen beim Landratsamt einzureichen. In eindrucksvoller Weise ist dies Sophia von Bullion und Hanna Krippner vom Staffelsee Gymnasium gelungen. Interessant dabei ist, dass das klassische Auto bei den beiden Sch\u00fclerinnen in der Zukunft keine Rolle mehr spielt \u2013 verschiedenste Mobilit\u00e4tsformen sind miteinander verbunden und die B\u00fcrgerinnen und B\u00fcrger erhalten vor allem innerorts mehr Platz zur\u00fcck.<\/div>\n","protected":false},"excerpt":{"rendered":"<p>GAP \u2013 \u201eWie stelle ich mir die Mobilit\u00e4t der Zukunft vor?\u201c Dies war das Motto des diesj\u00e4hrigen Kreativwettbewerbs, zu dem die Stabsstelle Klimaschutz &amp; Mobilit\u00e4t im Landratsamt im Zuge der Europ\u00e4ischen Mobilit\u00e4tswoche aufgerufen hatte. Kinder und Jugendliche der Jahrg\u00e4nge 2003 bis 2011 waren aufgerufen ihrer Kreativit\u00e4t freien Lauf zu lassen und Ihre Ideen beim Landratsamt einzureichen. In eindrucksvoller Weise ist<\/p>\n","protected":false},"author":5,"featured_media":0,"comment_status":"closed","ping_status":"open","sticky":false,"template":"","format":"standard","meta":[],"categories":[5],"tags":[],"_links":{"self":[{"href":"http:\/\/cms.mtsomnii.de\/w7\/wp-json\/wp\/v2\/posts\/13172"}],"collection":[{"href":"http:\/\/cms.mtsomnii.de\/w7\/wp-json\/wp\/v2\/posts"}],"about":[{"href":"http:\/\/cms.mtsomnii.de\/w7\/wp-json\/wp\/v2\/types\/post"}],"author":[{"embeddable":true,"href":"http:\/\/cms.mtsomnii.de\/w7\/wp-json\/wp\/v2\/users\/5"}],"replies":[{"embeddable":true,"href":"http:\/\/cms.mtsomnii.de\/w7\/wp-json\/wp\/v2\/comments?post=13172"}],"version-history":[{"count":0,"href":"http:\/\/cms.mtsomnii.de\/w7\/wp-json\/wp\/v2\/posts\/13172\/revisions"}],"wp:attachment":[{"href":"http:\/\/cms.mtsomnii.de\/w7\/wp-json\/wp\/v2\/media?parent=13172"}],"wp:term":[{"taxonomy":"category","embeddable":true,"href":"http:\/\/cms.mtsomnii.de\/w7\/wp-json\/wp\/v2\/categories?post=13172"},{"taxonomy":"post_tag","embeddable":true,"href":"http:\/\/cms.mtsomnii.de\/w7\/wp-json\/wp\/v2\/tags?post=13172"}],"curies":[{"name":"wp","href":"https:\/\/api.w.org\/{rel}","templated":true}]}}