{"id":13191,"date":"2022-11-23T12:42:04","date_gmt":"2022-11-23T11:42:04","guid":{"rendered":"http:\/\/cms.mtsomnii.de\/w7\/merkur-de-gap\/kollision-mit-lastwagen-20-jaehriger-stirbt-am-ungluecksort-91933797-html-13191\/"},"modified":"2022-11-23T12:42:04","modified_gmt":"2022-11-23T11:42:04","slug":"kollision-mit-lastwagen-20-jaehriger-stirbt-am-ungluecksort-91933797-html","status":"publish","type":"post","link":"http:\/\/cms.mtsomnii.de\/w7\/merkur-de-gap\/kollision-mit-lastwagen-20-jaehriger-stirbt-am-ungluecksort-91933797-html-13191\/","title":{"rendered":"Kollision mit Lastwagen: 20-J\u00e4hriger stirbt am Ungl\u00fccksort"},"content":{"rendered":"<div>Oberau \u2013 Ein schwerer Unfall auf der Bundesstra\u00dfe 2 zwischen Eschenlohe und Oberau hat in der Fr\u00fch ein Menschenleben gekostet: Ein 20-J\u00e4hriger aus Garmisch-Partenkirchen erlag noch am Ungl\u00fccksort seinen schweren Verletzungen. Er war mit seinem Pkw mit einem Lastwagen zusammengesto\u00dfen. Aufgrund der komplizierten Bergung musste die wichtige Verkehrsader des Landkreises am Vormittag f\u00fcr mehrere Stunden komplett gesperrt werden \u2013 was zu Staus und l\u00e4ngeren Umwegen f\u00fchrte.<\/div>\n","protected":false},"excerpt":{"rendered":"<p>Oberau \u2013 Ein schwerer Unfall auf der Bundesstra\u00dfe 2 zwischen Eschenlohe und Oberau hat in der Fr\u00fch ein Menschenleben gekostet: Ein 20-J\u00e4hriger aus Garmisch-Partenkirchen erlag noch am Ungl\u00fccksort seinen schweren Verletzungen. Er war mit seinem Pkw mit einem Lastwagen zusammengesto\u00dfen. Aufgrund der komplizierten Bergung musste die wichtige Verkehrsader des Landkreises am Vormittag f\u00fcr mehrere Stunden komplett gesperrt werden \u2013 was<\/p>\n","protected":false},"author":5,"featured_media":0,"comment_status":"closed","ping_status":"open","sticky":false,"template":"","format":"standard","meta":[],"categories":[5],"tags":[],"_links":{"self":[{"href":"http:\/\/cms.mtsomnii.de\/w7\/wp-json\/wp\/v2\/posts\/13191"}],"collection":[{"href":"http:\/\/cms.mtsomnii.de\/w7\/wp-json\/wp\/v2\/posts"}],"about":[{"href":"http:\/\/cms.mtsomnii.de\/w7\/wp-json\/wp\/v2\/types\/post"}],"author":[{"embeddable":true,"href":"http:\/\/cms.mtsomnii.de\/w7\/wp-json\/wp\/v2\/users\/5"}],"replies":[{"embeddable":true,"href":"http:\/\/cms.mtsomnii.de\/w7\/wp-json\/wp\/v2\/comments?post=13191"}],"version-history":[{"count":0,"href":"http:\/\/cms.mtsomnii.de\/w7\/wp-json\/wp\/v2\/posts\/13191\/revisions"}],"wp:attachment":[{"href":"http:\/\/cms.mtsomnii.de\/w7\/wp-json\/wp\/v2\/media?parent=13191"}],"wp:term":[{"taxonomy":"category","embeddable":true,"href":"http:\/\/cms.mtsomnii.de\/w7\/wp-json\/wp\/v2\/categories?post=13191"},{"taxonomy":"post_tag","embeddable":true,"href":"http:\/\/cms.mtsomnii.de\/w7\/wp-json\/wp\/v2\/tags?post=13191"}],"curies":[{"name":"wp","href":"https:\/\/api.w.org\/{rel}","templated":true}]}}