{"id":13193,"date":"2022-11-23T13:45:12","date_gmt":"2022-11-23T12:45:12","guid":{"rendered":"http:\/\/cms.mtsomnii.de\/w7\/merkur-de-gap\/pkw-kollidierte-mit-lkw-20-jaehriger-garmisch-partenkirchner-toedlich-auf-der-bundesstrasse-verunglueckt-91933921-html-13193\/"},"modified":"2022-11-23T13:45:12","modified_gmt":"2022-11-23T12:45:12","slug":"pkw-kollidierte-mit-lkw-20-jaehriger-garmisch-partenkirchner-toedlich-auf-der-bundesstrasse-verunglueckt-91933921-html","status":"publish","type":"post","link":"http:\/\/cms.mtsomnii.de\/w7\/merkur-de-gap\/pkw-kollidierte-mit-lkw-20-jaehriger-garmisch-partenkirchner-toedlich-auf-der-bundesstrasse-verunglueckt-91933921-html-13193\/","title":{"rendered":"Pkw kollidierte mit Lkw: 20-j\u00e4hriger Garmisch-Partenkirchner t\u00f6dlich auf der Bundesstra\u00dfe 2 verungl\u00fcckt"},"content":{"rendered":"<div>GAP &#8211; Bei einem schweren Verkehrsunfall in den Morgenstunden des heutigen Mittwoch, 23.11.2022, wurde auf der Bundesstra\u00dfe 2 bei Eschenlohe ein 20-j\u00e4hriger Mann so schwer verletzt, dass er trotz sofortiger Erster Hilfe noch an der Unfallstelle verstarb. Der junge Mann war aus bislang unbekannten Gr\u00fcnden mit einem ihm entgegen kommenden Lkw kollidiert. Ein Gro\u00dfaufgebot an Einsatz- und Rettungskr\u00e4ften war \u00fcber Stunden im Einsatz, es kam zu erheblichen Verkehrsbehinderungen. Die Verkehrspolizei Weilheim nahm die Ermittlungen zum Unfallhergang auf.<\/div>\n","protected":false},"excerpt":{"rendered":"<p>GAP &#8211; Bei einem schweren Verkehrsunfall in den Morgenstunden des heutigen Mittwoch, 23.11.2022, wurde auf der Bundesstra\u00dfe 2 bei Eschenlohe ein 20-j\u00e4hriger Mann so schwer verletzt, dass er trotz sofortiger Erster Hilfe noch an der Unfallstelle verstarb. Der junge Mann war aus bislang unbekannten Gr\u00fcnden mit einem ihm entgegen kommenden Lkw kollidiert. Ein Gro\u00dfaufgebot an Einsatz- und Rettungskr\u00e4ften war \u00fcber<\/p>\n","protected":false},"author":5,"featured_media":0,"comment_status":"closed","ping_status":"open","sticky":false,"template":"","format":"standard","meta":[],"categories":[5],"tags":[],"_links":{"self":[{"href":"http:\/\/cms.mtsomnii.de\/w7\/wp-json\/wp\/v2\/posts\/13193"}],"collection":[{"href":"http:\/\/cms.mtsomnii.de\/w7\/wp-json\/wp\/v2\/posts"}],"about":[{"href":"http:\/\/cms.mtsomnii.de\/w7\/wp-json\/wp\/v2\/types\/post"}],"author":[{"embeddable":true,"href":"http:\/\/cms.mtsomnii.de\/w7\/wp-json\/wp\/v2\/users\/5"}],"replies":[{"embeddable":true,"href":"http:\/\/cms.mtsomnii.de\/w7\/wp-json\/wp\/v2\/comments?post=13193"}],"version-history":[{"count":0,"href":"http:\/\/cms.mtsomnii.de\/w7\/wp-json\/wp\/v2\/posts\/13193\/revisions"}],"wp:attachment":[{"href":"http:\/\/cms.mtsomnii.de\/w7\/wp-json\/wp\/v2\/media?parent=13193"}],"wp:term":[{"taxonomy":"category","embeddable":true,"href":"http:\/\/cms.mtsomnii.de\/w7\/wp-json\/wp\/v2\/categories?post=13193"},{"taxonomy":"post_tag","embeddable":true,"href":"http:\/\/cms.mtsomnii.de\/w7\/wp-json\/wp\/v2\/tags?post=13193"}],"curies":[{"name":"wp","href":"https:\/\/api.w.org\/{rel}","templated":true}]}}