{"id":13198,"date":"2022-11-24T08:00:00","date_gmt":"2022-11-24T07:00:00","guid":{"rendered":"http:\/\/cms.mtsomnii.de\/w7\/merkur-de-gap\/weltklima-etwas-licht-und-sehr-dunkle-schatten-91934487-html-13198\/"},"modified":"2022-11-24T08:00:00","modified_gmt":"2022-11-24T07:00:00","slug":"weltklima-etwas-licht-und-sehr-dunkle-schatten-91934487-html","status":"publish","type":"post","link":"http:\/\/cms.mtsomnii.de\/w7\/merkur-de-gap\/weltklima-etwas-licht-und-sehr-dunkle-schatten-91934487-html-13198\/","title":{"rendered":"Weltklima: \u201eEtwas Licht und sehr dunkle Schatten\u201c"},"content":{"rendered":"<div>Der Uffinger Klimaforscher Professor Dr. Harald Kunstmann (54), stellvertretender Leiter des Instituts f\u00fcr Meteorologie und Klimaforschung am KIT Campus Alpin und Direktor des Zentrums f\u00fcr Klimaresilienz, war als Beobachter beim Weltklimagipfel in \u00c4gypten mit dabei.  In einem Tagblatt-Gespr\u00e4ch ordnet er die dort gef\u00e4llten Beschl\u00fcsse ein.<\/div>\n","protected":false},"excerpt":{"rendered":"<p>Der Uffinger Klimaforscher Professor Dr. Harald Kunstmann (54), stellvertretender Leiter des Instituts f\u00fcr Meteorologie und Klimaforschung am KIT Campus Alpin und Direktor des Zentrums f\u00fcr Klimaresilienz, war als Beobachter beim Weltklimagipfel in \u00c4gypten mit dabei. In einem Tagblatt-Gespr\u00e4ch ordnet er die dort gef\u00e4llten Beschl\u00fcsse ein.<\/p>\n","protected":false},"author":5,"featured_media":0,"comment_status":"closed","ping_status":"open","sticky":false,"template":"","format":"standard","meta":[],"categories":[5],"tags":[],"_links":{"self":[{"href":"http:\/\/cms.mtsomnii.de\/w7\/wp-json\/wp\/v2\/posts\/13198"}],"collection":[{"href":"http:\/\/cms.mtsomnii.de\/w7\/wp-json\/wp\/v2\/posts"}],"about":[{"href":"http:\/\/cms.mtsomnii.de\/w7\/wp-json\/wp\/v2\/types\/post"}],"author":[{"embeddable":true,"href":"http:\/\/cms.mtsomnii.de\/w7\/wp-json\/wp\/v2\/users\/5"}],"replies":[{"embeddable":true,"href":"http:\/\/cms.mtsomnii.de\/w7\/wp-json\/wp\/v2\/comments?post=13198"}],"version-history":[{"count":0,"href":"http:\/\/cms.mtsomnii.de\/w7\/wp-json\/wp\/v2\/posts\/13198\/revisions"}],"wp:attachment":[{"href":"http:\/\/cms.mtsomnii.de\/w7\/wp-json\/wp\/v2\/media?parent=13198"}],"wp:term":[{"taxonomy":"category","embeddable":true,"href":"http:\/\/cms.mtsomnii.de\/w7\/wp-json\/wp\/v2\/categories?post=13198"},{"taxonomy":"post_tag","embeddable":true,"href":"http:\/\/cms.mtsomnii.de\/w7\/wp-json\/wp\/v2\/tags?post=13198"}],"curies":[{"name":"wp","href":"https:\/\/api.w.org\/{rel}","templated":true}]}}