{"id":13201,"date":"2022-11-24T09:00:00","date_gmt":"2022-11-24T08:00:00","guid":{"rendered":"http:\/\/cms.mtsomnii.de\/w7\/merkur-de-gap\/die-ausstellung-rund-um-marion-adam-im-garmischer-tierheim-laeuft-noch-bis-15-april-2023-91928580-html-13201\/"},"modified":"2022-11-24T09:00:00","modified_gmt":"2022-11-24T08:00:00","slug":"die-ausstellung-rund-um-marion-adam-im-garmischer-tierheim-laeuft-noch-bis-15-april-2023-91928580-html","status":"publish","type":"post","link":"http:\/\/cms.mtsomnii.de\/w7\/merkur-de-gap\/die-ausstellung-rund-um-marion-adam-im-garmischer-tierheim-laeuft-noch-bis-15-april-2023-91928580-html-13201\/","title":{"rendered":"Die Ausstellung rund um Marion Adam im Garmischer Tierheim l\u00e4uft noch bis 15. April 2023"},"content":{"rendered":"<div>GAP \u2013 Bestens besucht war die Er\u00f6ffnung der neuen Ausstellung \u201eMarion Adam &#8211; K\u00fcnstlerin &amp; Tiersch\u00fctzerin\u201c im Garmischer Tierheim. Viele Familienmitglieder, Freunde und Weggef\u00e4hrten der K\u00fcnstlerin, die 1997 verstorben ist, waren gekommen. Die Tochter, Gitta W\u00fcnsch, zugleich 2. Vorsitzende des Tierschutzvereins erinnerte mit vielen Anekdoten an ihre Mutter, die nicht nur eine bekannte Heimatmalerin, sondern auch eine sehr engagierte Tiersch\u00fctzerin war. Marion Adam wurde 1921 in Roth bei N\u00fcrnberg geboren. Von ihrer Gro\u00dfmutter, der Baron Minna von Stieber, Hausherrin auf Schloss Ratiobor wurde sie als einziges Enkelkind sehr verw\u00f6hnt und wuchs mit zahlreichen Hunden, Katzen, dem Affen Dodo und einem zahmen Raben auf. Sie absolvierte ihre k\u00fcnstlerische Ausbildung bei Professor Karl Blocherer, einem Meistersch\u00fcler Franz von Stucks.<\/div>\n","protected":false},"excerpt":{"rendered":"<p>GAP \u2013 Bestens besucht war die Er\u00f6ffnung der neuen Ausstellung \u201eMarion Adam &#8211; K\u00fcnstlerin &amp; Tiersch\u00fctzerin\u201c im Garmischer Tierheim. Viele Familienmitglieder, Freunde und Weggef\u00e4hrten der K\u00fcnstlerin, die 1997 verstorben ist, waren gekommen. Die Tochter, Gitta W\u00fcnsch, zugleich 2. Vorsitzende des Tierschutzvereins erinnerte mit vielen Anekdoten an ihre Mutter, die nicht nur eine bekannte Heimatmalerin, sondern auch eine sehr engagierte Tiersch\u00fctzerin<\/p>\n","protected":false},"author":5,"featured_media":0,"comment_status":"closed","ping_status":"open","sticky":false,"template":"","format":"standard","meta":[],"categories":[5],"tags":[],"_links":{"self":[{"href":"http:\/\/cms.mtsomnii.de\/w7\/wp-json\/wp\/v2\/posts\/13201"}],"collection":[{"href":"http:\/\/cms.mtsomnii.de\/w7\/wp-json\/wp\/v2\/posts"}],"about":[{"href":"http:\/\/cms.mtsomnii.de\/w7\/wp-json\/wp\/v2\/types\/post"}],"author":[{"embeddable":true,"href":"http:\/\/cms.mtsomnii.de\/w7\/wp-json\/wp\/v2\/users\/5"}],"replies":[{"embeddable":true,"href":"http:\/\/cms.mtsomnii.de\/w7\/wp-json\/wp\/v2\/comments?post=13201"}],"version-history":[{"count":0,"href":"http:\/\/cms.mtsomnii.de\/w7\/wp-json\/wp\/v2\/posts\/13201\/revisions"}],"wp:attachment":[{"href":"http:\/\/cms.mtsomnii.de\/w7\/wp-json\/wp\/v2\/media?parent=13201"}],"wp:term":[{"taxonomy":"category","embeddable":true,"href":"http:\/\/cms.mtsomnii.de\/w7\/wp-json\/wp\/v2\/categories?post=13201"},{"taxonomy":"post_tag","embeddable":true,"href":"http:\/\/cms.mtsomnii.de\/w7\/wp-json\/wp\/v2\/tags?post=13201"}],"curies":[{"name":"wp","href":"https:\/\/api.w.org\/{rel}","templated":true}]}}