{"id":13206,"date":"2022-11-24T10:28:37","date_gmt":"2022-11-24T09:28:37","guid":{"rendered":"http:\/\/cms.mtsomnii.de\/w7\/merkur-de-gap\/ohlstadt-brand-feuer-cello-werk-gebaeude-flammen-feuerwehr-einsatz-91935580-html-13206\/"},"modified":"2022-11-24T10:28:37","modified_gmt":"2022-11-24T09:28:37","slug":"ohlstadt-brand-feuer-cello-werk-gebaeude-flammen-feuerwehr-einsatz-91935580-html","status":"publish","type":"post","link":"http:\/\/cms.mtsomnii.de\/w7\/merkur-de-gap\/ohlstadt-brand-feuer-cello-werk-gebaeude-flammen-feuerwehr-einsatz-91935580-html-13206\/","title":{"rendered":"Gro\u00dfbrand in Ohlstadt: Nebengeb\u00e4ude des Cello-Werks in Flammen"},"content":{"rendered":"<div>In Ohlstadt ist ein Nebengeb\u00e4ude des Cello-Werks in Flammen aufgegangen. Zahlreiche Einsatzkr\u00e4fte waren mit L\u00f6scharbeiten besch\u00e4ftigt.<\/div>\n","protected":false},"excerpt":{"rendered":"<p>In Ohlstadt ist ein Nebengeb\u00e4ude des Cello-Werks in Flammen aufgegangen. Zahlreiche Einsatzkr\u00e4fte waren mit L\u00f6scharbeiten besch\u00e4ftigt.<\/p>\n","protected":false},"author":5,"featured_media":0,"comment_status":"closed","ping_status":"open","sticky":false,"template":"","format":"standard","meta":[],"categories":[5],"tags":[],"_links":{"self":[{"href":"http:\/\/cms.mtsomnii.de\/w7\/wp-json\/wp\/v2\/posts\/13206"}],"collection":[{"href":"http:\/\/cms.mtsomnii.de\/w7\/wp-json\/wp\/v2\/posts"}],"about":[{"href":"http:\/\/cms.mtsomnii.de\/w7\/wp-json\/wp\/v2\/types\/post"}],"author":[{"embeddable":true,"href":"http:\/\/cms.mtsomnii.de\/w7\/wp-json\/wp\/v2\/users\/5"}],"replies":[{"embeddable":true,"href":"http:\/\/cms.mtsomnii.de\/w7\/wp-json\/wp\/v2\/comments?post=13206"}],"version-history":[{"count":0,"href":"http:\/\/cms.mtsomnii.de\/w7\/wp-json\/wp\/v2\/posts\/13206\/revisions"}],"wp:attachment":[{"href":"http:\/\/cms.mtsomnii.de\/w7\/wp-json\/wp\/v2\/media?parent=13206"}],"wp:term":[{"taxonomy":"category","embeddable":true,"href":"http:\/\/cms.mtsomnii.de\/w7\/wp-json\/wp\/v2\/categories?post=13206"},{"taxonomy":"post_tag","embeddable":true,"href":"http:\/\/cms.mtsomnii.de\/w7\/wp-json\/wp\/v2\/tags?post=13206"}],"curies":[{"name":"wp","href":"https:\/\/api.w.org\/{rel}","templated":true}]}}