{"id":13221,"date":"2022-11-25T13:20:01","date_gmt":"2022-11-25T12:20:01","guid":{"rendered":"http:\/\/cms.mtsomnii.de\/w7\/kreisbote-gap\/christkindlmaerkte-im-landkreis-garmisch-partenkirchen-91938496-html-2-13221\/"},"modified":"2022-11-25T13:20:01","modified_gmt":"2022-11-25T12:20:01","slug":"christkindlmaerkte-im-landkreis-garmisch-partenkirchen-91938496-html-2","status":"publish","type":"post","link":"http:\/\/cms.mtsomnii.de\/w7\/kreisbote-gap\/christkindlmaerkte-im-landkreis-garmisch-partenkirchen-91938496-html-2-13221\/","title":{"rendered":"Christkindlm\u00e4rkte im Landkreis Garmisch-Partenkirchen"},"content":{"rendered":"<div>Landkreis \u2013  Die Adventzeit ist eine ganz besondere. Christkindlm\u00e4rkte geh\u00f6ren unbedingt dazu und endlich kann man diese ganz ohne Auflagen wieder genie\u00dfen. Gro\u00df und Klein freuen sich darauf und haben in unserer Region die Qual der Wahl. Los geht es bereits am ersten Adventswochenende.<\/div>\n","protected":false},"excerpt":{"rendered":"<p>Landkreis \u2013 Die Adventzeit ist eine ganz besondere. Christkindlm\u00e4rkte geh\u00f6ren unbedingt dazu und endlich kann man diese ganz ohne Auflagen wieder genie\u00dfen. Gro\u00df und Klein freuen sich darauf und haben in unserer Region die Qual der Wahl. Los geht es bereits am ersten Adventswochenende.<\/p>\n","protected":false},"author":4,"featured_media":0,"comment_status":"closed","ping_status":"open","sticky":false,"template":"","format":"standard","meta":[],"categories":[2],"tags":[],"_links":{"self":[{"href":"http:\/\/cms.mtsomnii.de\/w7\/wp-json\/wp\/v2\/posts\/13221"}],"collection":[{"href":"http:\/\/cms.mtsomnii.de\/w7\/wp-json\/wp\/v2\/posts"}],"about":[{"href":"http:\/\/cms.mtsomnii.de\/w7\/wp-json\/wp\/v2\/types\/post"}],"author":[{"embeddable":true,"href":"http:\/\/cms.mtsomnii.de\/w7\/wp-json\/wp\/v2\/users\/4"}],"replies":[{"embeddable":true,"href":"http:\/\/cms.mtsomnii.de\/w7\/wp-json\/wp\/v2\/comments?post=13221"}],"version-history":[{"count":0,"href":"http:\/\/cms.mtsomnii.de\/w7\/wp-json\/wp\/v2\/posts\/13221\/revisions"}],"wp:attachment":[{"href":"http:\/\/cms.mtsomnii.de\/w7\/wp-json\/wp\/v2\/media?parent=13221"}],"wp:term":[{"taxonomy":"category","embeddable":true,"href":"http:\/\/cms.mtsomnii.de\/w7\/wp-json\/wp\/v2\/categories?post=13221"},{"taxonomy":"post_tag","embeddable":true,"href":"http:\/\/cms.mtsomnii.de\/w7\/wp-json\/wp\/v2\/tags?post=13221"}],"curies":[{"name":"wp","href":"https:\/\/api.w.org\/{rel}","templated":true}]}}