{"id":13222,"date":"2022-11-25T16:43:49","date_gmt":"2022-11-25T15:43:49","guid":{"rendered":"http:\/\/cms.mtsomnii.de\/w7\/merkur-de-gap\/g7-gipfel-elmau-feuerwehr-essen-schloss-gesetz-regeln-politik-verpflegung-91936973-html-13222\/"},"modified":"2022-11-25T16:43:49","modified_gmt":"2022-11-25T15:43:49","slug":"g7-gipfel-elmau-feuerwehr-essen-schloss-gesetz-regeln-politik-verpflegung-91936973-html","status":"publish","type":"post","link":"http:\/\/cms.mtsomnii.de\/w7\/merkur-de-gap\/g7-gipfel-elmau-feuerwehr-essen-schloss-gesetz-regeln-politik-verpflegung-91936973-html-13222\/","title":{"rendered":"Beim Essen h\u00f6rt der Spa\u00df auf: Was die Feuerwehr beim G7-Gipfel erlebt hat"},"content":{"rendered":"<div>Der G7-Gipfel in Schloss Elmau bleibt f\u00fcr den Kr\u00fcner Feuerwehr-Kommandanten Anton Simon einfach unvergessen \u2013 auch was das Thema Verpflegung betrifft.<\/div>\n","protected":false},"excerpt":{"rendered":"<p>Der G7-Gipfel in Schloss Elmau bleibt f\u00fcr den Kr\u00fcner Feuerwehr-Kommandanten Anton Simon einfach unvergessen \u2013 auch was das Thema Verpflegung betrifft.<\/p>\n","protected":false},"author":5,"featured_media":0,"comment_status":"closed","ping_status":"open","sticky":false,"template":"","format":"standard","meta":[],"categories":[5],"tags":[],"_links":{"self":[{"href":"http:\/\/cms.mtsomnii.de\/w7\/wp-json\/wp\/v2\/posts\/13222"}],"collection":[{"href":"http:\/\/cms.mtsomnii.de\/w7\/wp-json\/wp\/v2\/posts"}],"about":[{"href":"http:\/\/cms.mtsomnii.de\/w7\/wp-json\/wp\/v2\/types\/post"}],"author":[{"embeddable":true,"href":"http:\/\/cms.mtsomnii.de\/w7\/wp-json\/wp\/v2\/users\/5"}],"replies":[{"embeddable":true,"href":"http:\/\/cms.mtsomnii.de\/w7\/wp-json\/wp\/v2\/comments?post=13222"}],"version-history":[{"count":0,"href":"http:\/\/cms.mtsomnii.de\/w7\/wp-json\/wp\/v2\/posts\/13222\/revisions"}],"wp:attachment":[{"href":"http:\/\/cms.mtsomnii.de\/w7\/wp-json\/wp\/v2\/media?parent=13222"}],"wp:term":[{"taxonomy":"category","embeddable":true,"href":"http:\/\/cms.mtsomnii.de\/w7\/wp-json\/wp\/v2\/categories?post=13222"},{"taxonomy":"post_tag","embeddable":true,"href":"http:\/\/cms.mtsomnii.de\/w7\/wp-json\/wp\/v2\/tags?post=13222"}],"curies":[{"name":"wp","href":"https:\/\/api.w.org\/{rel}","templated":true}]}}