{"id":13224,"date":"2022-11-25T19:00:00","date_gmt":"2022-11-25T18:00:00","guid":{"rendered":"http:\/\/cms.mtsomnii.de\/w7\/merkur-de-gap\/murnau-hat-standort-fuer-behoerdenfunk-gefunden-91939240-html-13224\/"},"modified":"2022-11-25T19:00:00","modified_gmt":"2022-11-25T18:00:00","slug":"murnau-hat-standort-fuer-behoerdenfunk-gefunden-91939240-html","status":"publish","type":"post","link":"http:\/\/cms.mtsomnii.de\/w7\/merkur-de-gap\/murnau-hat-standort-fuer-behoerdenfunk-gefunden-91939240-html-13224\/","title":{"rendered":"Murnau hat Standort f\u00fcr Beh\u00f6rdenfunk gefunden"},"content":{"rendered":"<div>Der Mast f\u00fcr den digitalen Beh\u00f6rdenfunk wird in der N\u00e4he des James-Loeb-Denkmals gebaut. Dazu hat sich der Murnauer Gemeinderat einstimmig entschlossen. Die Debatte verlief allerdings nicht reibungslos. Vor allem die Entscheidung von B\u00fcrgermeister und Verwaltung, die den Bebauungsplan f\u00fcr das Gebiet um den Maria-Antonien-Weg noch nicht ge\u00e4ndert hatten, sorgte f\u00fcr Attacken der Opposition.<\/div>\n","protected":false},"excerpt":{"rendered":"<p>Der Mast f\u00fcr den digitalen Beh\u00f6rdenfunk wird in der N\u00e4he des James-Loeb-Denkmals gebaut. Dazu hat sich der Murnauer Gemeinderat einstimmig entschlossen. Die Debatte verlief allerdings nicht reibungslos. Vor allem die Entscheidung von B\u00fcrgermeister und Verwaltung, die den Bebauungsplan f\u00fcr das Gebiet um den Maria-Antonien-Weg noch nicht ge\u00e4ndert hatten, sorgte f\u00fcr Attacken der Opposition.<\/p>\n","protected":false},"author":5,"featured_media":0,"comment_status":"closed","ping_status":"open","sticky":false,"template":"","format":"standard","meta":[],"categories":[5],"tags":[],"_links":{"self":[{"href":"http:\/\/cms.mtsomnii.de\/w7\/wp-json\/wp\/v2\/posts\/13224"}],"collection":[{"href":"http:\/\/cms.mtsomnii.de\/w7\/wp-json\/wp\/v2\/posts"}],"about":[{"href":"http:\/\/cms.mtsomnii.de\/w7\/wp-json\/wp\/v2\/types\/post"}],"author":[{"embeddable":true,"href":"http:\/\/cms.mtsomnii.de\/w7\/wp-json\/wp\/v2\/users\/5"}],"replies":[{"embeddable":true,"href":"http:\/\/cms.mtsomnii.de\/w7\/wp-json\/wp\/v2\/comments?post=13224"}],"version-history":[{"count":0,"href":"http:\/\/cms.mtsomnii.de\/w7\/wp-json\/wp\/v2\/posts\/13224\/revisions"}],"wp:attachment":[{"href":"http:\/\/cms.mtsomnii.de\/w7\/wp-json\/wp\/v2\/media?parent=13224"}],"wp:term":[{"taxonomy":"category","embeddable":true,"href":"http:\/\/cms.mtsomnii.de\/w7\/wp-json\/wp\/v2\/categories?post=13224"},{"taxonomy":"post_tag","embeddable":true,"href":"http:\/\/cms.mtsomnii.de\/w7\/wp-json\/wp\/v2\/tags?post=13224"}],"curies":[{"name":"wp","href":"https:\/\/api.w.org\/{rel}","templated":true}]}}