{"id":13276,"date":"2022-11-29T15:53:10","date_gmt":"2022-11-29T14:53:10","guid":{"rendered":"http:\/\/cms.mtsomnii.de\/w7\/kreisbote-gap\/mann-in-weissem-transporter-verdaechtiges-ansprechen-von-kindern-auf-dem-schulweg-in-garmisch-partenkirchen-91946243-html-2-13276\/"},"modified":"2022-11-29T15:53:10","modified_gmt":"2022-11-29T14:53:10","slug":"mann-in-weissem-transporter-verdaechtiges-ansprechen-von-kindern-auf-dem-schulweg-in-garmisch-partenkirchen-91946243-html-2","status":"publish","type":"post","link":"http:\/\/cms.mtsomnii.de\/w7\/kreisbote-gap\/mann-in-weissem-transporter-verdaechtiges-ansprechen-von-kindern-auf-dem-schulweg-in-garmisch-partenkirchen-91946243-html-2-13276\/","title":{"rendered":"Mann in wei\u00dfem Transporter: Verd\u00e4chtiges Ansprechen von Kindern auf dem Schulweg in Garmisch-Partenkirchen"},"content":{"rendered":"<div>GAP &#8211; Am Nachmittag des 28. November 2022 sowie am Morgen des 29. November 2022, kam es jeweils zu einer verd\u00e4chtigen Wahrnehmung im Bereich der Grundschulen in der Burgstra\u00dfe und am Gr\u00f6ben im Ortsteil Garmisch. Hierbei wurden Kinder auf dem Weg von bzw. zur Schule von einer m\u00e4nnlichen Person aus einem wei\u00dfen Transporter angesprochen.<\/div>\n","protected":false},"excerpt":{"rendered":"<p>GAP &#8211; Am Nachmittag des 28. November 2022 sowie am Morgen des 29. November 2022, kam es jeweils zu einer verd\u00e4chtigen Wahrnehmung im Bereich der Grundschulen in der Burgstra\u00dfe und am Gr\u00f6ben im Ortsteil Garmisch. Hierbei wurden Kinder auf dem Weg von bzw. zur Schule von einer m\u00e4nnlichen Person aus einem wei\u00dfen Transporter angesprochen.<\/p>\n","protected":false},"author":4,"featured_media":0,"comment_status":"closed","ping_status":"open","sticky":false,"template":"","format":"standard","meta":[],"categories":[2],"tags":[],"_links":{"self":[{"href":"http:\/\/cms.mtsomnii.de\/w7\/wp-json\/wp\/v2\/posts\/13276"}],"collection":[{"href":"http:\/\/cms.mtsomnii.de\/w7\/wp-json\/wp\/v2\/posts"}],"about":[{"href":"http:\/\/cms.mtsomnii.de\/w7\/wp-json\/wp\/v2\/types\/post"}],"author":[{"embeddable":true,"href":"http:\/\/cms.mtsomnii.de\/w7\/wp-json\/wp\/v2\/users\/4"}],"replies":[{"embeddable":true,"href":"http:\/\/cms.mtsomnii.de\/w7\/wp-json\/wp\/v2\/comments?post=13276"}],"version-history":[{"count":0,"href":"http:\/\/cms.mtsomnii.de\/w7\/wp-json\/wp\/v2\/posts\/13276\/revisions"}],"wp:attachment":[{"href":"http:\/\/cms.mtsomnii.de\/w7\/wp-json\/wp\/v2\/media?parent=13276"}],"wp:term":[{"taxonomy":"category","embeddable":true,"href":"http:\/\/cms.mtsomnii.de\/w7\/wp-json\/wp\/v2\/categories?post=13276"},{"taxonomy":"post_tag","embeddable":true,"href":"http:\/\/cms.mtsomnii.de\/w7\/wp-json\/wp\/v2\/tags?post=13276"}],"curies":[{"name":"wp","href":"https:\/\/api.w.org\/{rel}","templated":true}]}}