{"id":13482,"date":"2022-12-24T13:59:00","date_gmt":"2022-12-24T12:59:00","guid":{"rendered":"http:\/\/cms.mtsomnii.de\/w7\/merkur-de-gap\/haushalt-2023-nur-die-gruenen-scheren-aus-91993871-html-2-13482\/"},"modified":"2022-12-24T13:59:00","modified_gmt":"2022-12-24T12:59:00","slug":"haushalt-2023-nur-die-gruenen-scheren-aus-91993871-html-2","status":"publish","type":"post","link":"http:\/\/cms.mtsomnii.de\/w7\/merkur-de-gap\/haushalt-2023-nur-die-gruenen-scheren-aus-91993871-html-2-13482\/","title":{"rendered":"Haushalt 2023 in Murnau: Nur die Gr\u00fcnen scheren aus &#8211; Vorschl\u00e4ge zu Vereinszusch\u00fcssen"},"content":{"rendered":"<div>Viele Dankesworte und wenig Kritik: Auf diese Formel l\u00e4sst sich die letzte Murnauer Gemeinderatssitzung des Jahres bringen. Den Haushalt f\u00fcr 2023 lehnten nur die Gr\u00fcnen ab.<\/div>\n","protected":false},"excerpt":{"rendered":"<p>Viele Dankesworte und wenig Kritik: Auf diese Formel l\u00e4sst sich die letzte Murnauer Gemeinderatssitzung des Jahres bringen. Den Haushalt f\u00fcr 2023 lehnten nur die Gr\u00fcnen ab.<\/p>\n","protected":false},"author":5,"featured_media":0,"comment_status":"closed","ping_status":"open","sticky":false,"template":"","format":"standard","meta":[],"categories":[5],"tags":[],"_links":{"self":[{"href":"http:\/\/cms.mtsomnii.de\/w7\/wp-json\/wp\/v2\/posts\/13482"}],"collection":[{"href":"http:\/\/cms.mtsomnii.de\/w7\/wp-json\/wp\/v2\/posts"}],"about":[{"href":"http:\/\/cms.mtsomnii.de\/w7\/wp-json\/wp\/v2\/types\/post"}],"author":[{"embeddable":true,"href":"http:\/\/cms.mtsomnii.de\/w7\/wp-json\/wp\/v2\/users\/5"}],"replies":[{"embeddable":true,"href":"http:\/\/cms.mtsomnii.de\/w7\/wp-json\/wp\/v2\/comments?post=13482"}],"version-history":[{"count":0,"href":"http:\/\/cms.mtsomnii.de\/w7\/wp-json\/wp\/v2\/posts\/13482\/revisions"}],"wp:attachment":[{"href":"http:\/\/cms.mtsomnii.de\/w7\/wp-json\/wp\/v2\/media?parent=13482"}],"wp:term":[{"taxonomy":"category","embeddable":true,"href":"http:\/\/cms.mtsomnii.de\/w7\/wp-json\/wp\/v2\/categories?post=13482"},{"taxonomy":"post_tag","embeddable":true,"href":"http:\/\/cms.mtsomnii.de\/w7\/wp-json\/wp\/v2\/tags?post=13482"}],"curies":[{"name":"wp","href":"https:\/\/api.w.org\/{rel}","templated":true}]}}