{"id":13497,"date":"2022-12-26T13:53:58","date_gmt":"2022-12-26T12:53:58","guid":{"rendered":"http:\/\/cms.mtsomnii.de\/w7\/merkur-de-gap\/auftritt-garmisch-musiker-bayern-kurze-haare-kein-91991727-html-2-13497\/"},"modified":"2022-12-26T13:53:58","modified_gmt":"2022-12-26T12:53:58","slug":"auftritt-garmisch-musiker-bayern-kurze-haare-kein-91991727-html-2","status":"publish","type":"post","link":"http:\/\/cms.mtsomnii.de\/w7\/merkur-de-gap\/auftritt-garmisch-musiker-bayern-kurze-haare-kein-91991727-html-2-13497\/","title":{"rendered":"Bayerische Musikantin darf nicht auftreten &#8211; weil sie kurze Haare hat"},"content":{"rendered":"<div>Drei junge, musikalische Plattlerkinder aus dem Isartal wollten am Gaujugendsingen im Oktober auftreten \u2013 die Teilnahme ist ihnen allerdings verwehrt worden. Der Grund: Ihre Musiklehrerin, die ebenfalls auf der B\u00fchne gestanden w\u00e4re, hat kurze Haare. Das passt nicht mit der Satzung der Oberl\u00e4nder Trachtenvereinigung \u00fcberein. Im M\u00e4rz 2023 soll eine Grundsatzentscheidung im Gau fallen.<\/div>\n","protected":false},"excerpt":{"rendered":"<p>Drei junge, musikalische Plattlerkinder aus dem Isartal wollten am Gaujugendsingen im Oktober auftreten \u2013 die Teilnahme ist ihnen allerdings verwehrt worden. Der Grund: Ihre Musiklehrerin, die ebenfalls auf der B\u00fchne gestanden w\u00e4re, hat kurze Haare. Das passt nicht mit der Satzung der Oberl\u00e4nder Trachtenvereinigung \u00fcberein. Im M\u00e4rz 2023 soll eine Grundsatzentscheidung im Gau fallen.<\/p>\n","protected":false},"author":5,"featured_media":0,"comment_status":"closed","ping_status":"open","sticky":false,"template":"","format":"standard","meta":[],"categories":[5],"tags":[],"_links":{"self":[{"href":"http:\/\/cms.mtsomnii.de\/w7\/wp-json\/wp\/v2\/posts\/13497"}],"collection":[{"href":"http:\/\/cms.mtsomnii.de\/w7\/wp-json\/wp\/v2\/posts"}],"about":[{"href":"http:\/\/cms.mtsomnii.de\/w7\/wp-json\/wp\/v2\/types\/post"}],"author":[{"embeddable":true,"href":"http:\/\/cms.mtsomnii.de\/w7\/wp-json\/wp\/v2\/users\/5"}],"replies":[{"embeddable":true,"href":"http:\/\/cms.mtsomnii.de\/w7\/wp-json\/wp\/v2\/comments?post=13497"}],"version-history":[{"count":0,"href":"http:\/\/cms.mtsomnii.de\/w7\/wp-json\/wp\/v2\/posts\/13497\/revisions"}],"wp:attachment":[{"href":"http:\/\/cms.mtsomnii.de\/w7\/wp-json\/wp\/v2\/media?parent=13497"}],"wp:term":[{"taxonomy":"category","embeddable":true,"href":"http:\/\/cms.mtsomnii.de\/w7\/wp-json\/wp\/v2\/categories?post=13497"},{"taxonomy":"post_tag","embeddable":true,"href":"http:\/\/cms.mtsomnii.de\/w7\/wp-json\/wp\/v2\/tags?post=13497"}],"curies":[{"name":"wp","href":"https:\/\/api.w.org\/{rel}","templated":true}]}}