{"id":13499,"date":"2022-12-27T08:52:09","date_gmt":"2022-12-27T07:52:09","guid":{"rendered":"http:\/\/cms.mtsomnii.de\/w7\/merkur-de-gap\/gemeinsam-mit-dem-sozialen-berater-der-caritas-koennen-loesungen-fuer-jeden-gefunden-werden-91996599-html-13499\/"},"modified":"2022-12-27T08:52:09","modified_gmt":"2022-12-27T07:52:09","slug":"gemeinsam-mit-dem-sozialen-berater-der-caritas-koennen-loesungen-fuer-jeden-gefunden-werden-91996599-html","status":"publish","type":"post","link":"http:\/\/cms.mtsomnii.de\/w7\/merkur-de-gap\/gemeinsam-mit-dem-sozialen-berater-der-caritas-koennen-loesungen-fuer-jeden-gefunden-werden-91996599-html-13499\/","title":{"rendered":"Gemeinsam mit dem sozialen Berater der Caritas k\u00f6nnen L\u00f6sungen f\u00fcr jeden gefunden werden"},"content":{"rendered":"<div>GAP \u2013 Zu Thomas Ehmke kommen Menschen, die in ihrem Leben an einem Tiefpunkt angekommen sind. Der soziale Berater der Caritas ist f\u00fcr die B\u00fcrger von Garmisch-Partenkirchen, Oberammergau und Murnau seit vier Jahren Ansprechpartner bei allen Problemen rund um Finanzen, aber auch in pers\u00f6nlichen Lebenskrisen.<\/div>\n","protected":false},"excerpt":{"rendered":"<p>GAP \u2013 Zu Thomas Ehmke kommen Menschen, die in ihrem Leben an einem Tiefpunkt angekommen sind. Der soziale Berater der Caritas ist f\u00fcr die B\u00fcrger von Garmisch-Partenkirchen, Oberammergau und Murnau seit vier Jahren Ansprechpartner bei allen Problemen rund um Finanzen, aber auch in pers\u00f6nlichen Lebenskrisen.<\/p>\n","protected":false},"author":5,"featured_media":0,"comment_status":"closed","ping_status":"open","sticky":false,"template":"","format":"standard","meta":[],"categories":[5],"tags":[],"_links":{"self":[{"href":"http:\/\/cms.mtsomnii.de\/w7\/wp-json\/wp\/v2\/posts\/13499"}],"collection":[{"href":"http:\/\/cms.mtsomnii.de\/w7\/wp-json\/wp\/v2\/posts"}],"about":[{"href":"http:\/\/cms.mtsomnii.de\/w7\/wp-json\/wp\/v2\/types\/post"}],"author":[{"embeddable":true,"href":"http:\/\/cms.mtsomnii.de\/w7\/wp-json\/wp\/v2\/users\/5"}],"replies":[{"embeddable":true,"href":"http:\/\/cms.mtsomnii.de\/w7\/wp-json\/wp\/v2\/comments?post=13499"}],"version-history":[{"count":0,"href":"http:\/\/cms.mtsomnii.de\/w7\/wp-json\/wp\/v2\/posts\/13499\/revisions"}],"wp:attachment":[{"href":"http:\/\/cms.mtsomnii.de\/w7\/wp-json\/wp\/v2\/media?parent=13499"}],"wp:term":[{"taxonomy":"category","embeddable":true,"href":"http:\/\/cms.mtsomnii.de\/w7\/wp-json\/wp\/v2\/categories?post=13499"},{"taxonomy":"post_tag","embeddable":true,"href":"http:\/\/cms.mtsomnii.de\/w7\/wp-json\/wp\/v2\/tags?post=13499"}],"curies":[{"name":"wp","href":"https:\/\/api.w.org\/{rel}","templated":true}]}}