{"id":13504,"date":"2022-12-27T18:05:10","date_gmt":"2022-12-27T17:05:10","guid":{"rendered":"http:\/\/cms.mtsomnii.de\/w7\/merkur-de-gap\/gruenes-licht-fuer-nachtslalom-am-gudiberg-garmisch-partenkirchen-91997828-html-13504\/"},"modified":"2022-12-27T18:05:10","modified_gmt":"2022-12-27T17:05:10","slug":"gruenes-licht-fuer-nachtslalom-am-gudiberg-garmisch-partenkirchen-91997828-html","status":"publish","type":"post","link":"http:\/\/cms.mtsomnii.de\/w7\/merkur-de-gap\/gruenes-licht-fuer-nachtslalom-am-gudiberg-garmisch-partenkirchen-91997828-html-13504\/","title":{"rendered":"Trotz W\u00e4rmeperiode: FIS gibt Okay f\u00fcr Nachtslalom am 4. Januar in Garmisch-Partenkirchen"},"content":{"rendered":"<div>Die Schneekontrolle f\u00fcr den Nachtslalom am 4. Januar am Gudiberg in Garmisch-Partenkirchen ist gut gelaufen. Es gab gr\u00fcnes Licht. Jetzt hei\u00dft es: Hoffen auf kalte N\u00e4chte.<\/div>\n","protected":false},"excerpt":{"rendered":"<p>Die Schneekontrolle f\u00fcr den Nachtslalom am 4. Januar am Gudiberg in Garmisch-Partenkirchen ist gut gelaufen. Es gab gr\u00fcnes Licht. Jetzt hei\u00dft es: Hoffen auf kalte N\u00e4chte.<\/p>\n","protected":false},"author":5,"featured_media":0,"comment_status":"closed","ping_status":"open","sticky":false,"template":"","format":"standard","meta":[],"categories":[5],"tags":[],"_links":{"self":[{"href":"http:\/\/cms.mtsomnii.de\/w7\/wp-json\/wp\/v2\/posts\/13504"}],"collection":[{"href":"http:\/\/cms.mtsomnii.de\/w7\/wp-json\/wp\/v2\/posts"}],"about":[{"href":"http:\/\/cms.mtsomnii.de\/w7\/wp-json\/wp\/v2\/types\/post"}],"author":[{"embeddable":true,"href":"http:\/\/cms.mtsomnii.de\/w7\/wp-json\/wp\/v2\/users\/5"}],"replies":[{"embeddable":true,"href":"http:\/\/cms.mtsomnii.de\/w7\/wp-json\/wp\/v2\/comments?post=13504"}],"version-history":[{"count":0,"href":"http:\/\/cms.mtsomnii.de\/w7\/wp-json\/wp\/v2\/posts\/13504\/revisions"}],"wp:attachment":[{"href":"http:\/\/cms.mtsomnii.de\/w7\/wp-json\/wp\/v2\/media?parent=13504"}],"wp:term":[{"taxonomy":"category","embeddable":true,"href":"http:\/\/cms.mtsomnii.de\/w7\/wp-json\/wp\/v2\/categories?post=13504"},{"taxonomy":"post_tag","embeddable":true,"href":"http:\/\/cms.mtsomnii.de\/w7\/wp-json\/wp\/v2\/tags?post=13504"}],"curies":[{"name":"wp","href":"https:\/\/api.w.org\/{rel}","templated":true}]}}