{"id":13509,"date":"2022-12-28T18:04:07","date_gmt":"2022-12-28T17:04:07","guid":{"rendered":"http:\/\/cms.mtsomnii.de\/w7\/merkur-de-gap\/appell-auf-feuerwerkskoerper-verzichten-91999661-html-13509\/"},"modified":"2022-12-28T18:04:07","modified_gmt":"2022-12-28T17:04:07","slug":"appell-auf-feuerwerkskoerper-verzichten-91999661-html","status":"publish","type":"post","link":"http:\/\/cms.mtsomnii.de\/w7\/merkur-de-gap\/appell-auf-feuerwerkskoerper-verzichten-91999661-html-13509\/","title":{"rendered":"Appell an B\u00fcrger und G\u00e4ste: Auf Feuerwerksk\u00f6rper verzichten"},"content":{"rendered":"<div>Lichtspektakel am Himmel und laute Knaller am Boden geh\u00f6ren f\u00fcr viele zu Silvester. Doch die Kritik am traditionellen Feuerwerk wird vielerorts lauter \u2013 so auch in Garmisch-Partenkirchen.<\/div>\n","protected":false},"excerpt":{"rendered":"<p>Lichtspektakel am Himmel und laute Knaller am Boden geh\u00f6ren f\u00fcr viele zu Silvester. Doch die Kritik am traditionellen Feuerwerk wird vielerorts lauter \u2013 so auch in Garmisch-Partenkirchen.<\/p>\n","protected":false},"author":5,"featured_media":0,"comment_status":"closed","ping_status":"open","sticky":false,"template":"","format":"standard","meta":[],"categories":[5],"tags":[],"_links":{"self":[{"href":"http:\/\/cms.mtsomnii.de\/w7\/wp-json\/wp\/v2\/posts\/13509"}],"collection":[{"href":"http:\/\/cms.mtsomnii.de\/w7\/wp-json\/wp\/v2\/posts"}],"about":[{"href":"http:\/\/cms.mtsomnii.de\/w7\/wp-json\/wp\/v2\/types\/post"}],"author":[{"embeddable":true,"href":"http:\/\/cms.mtsomnii.de\/w7\/wp-json\/wp\/v2\/users\/5"}],"replies":[{"embeddable":true,"href":"http:\/\/cms.mtsomnii.de\/w7\/wp-json\/wp\/v2\/comments?post=13509"}],"version-history":[{"count":0,"href":"http:\/\/cms.mtsomnii.de\/w7\/wp-json\/wp\/v2\/posts\/13509\/revisions"}],"wp:attachment":[{"href":"http:\/\/cms.mtsomnii.de\/w7\/wp-json\/wp\/v2\/media?parent=13509"}],"wp:term":[{"taxonomy":"category","embeddable":true,"href":"http:\/\/cms.mtsomnii.de\/w7\/wp-json\/wp\/v2\/categories?post=13509"},{"taxonomy":"post_tag","embeddable":true,"href":"http:\/\/cms.mtsomnii.de\/w7\/wp-json\/wp\/v2\/tags?post=13509"}],"curies":[{"name":"wp","href":"https:\/\/api.w.org\/{rel}","templated":true}]}}