{"id":13510,"date":"2022-12-29T09:00:00","date_gmt":"2022-12-29T08:00:00","guid":{"rendered":"http:\/\/cms.mtsomnii.de\/w7\/merkur-de-gap\/schuelerinnen-und-schueler-gestalteten-neues-logo-mit-mittenwalder-karwendelmassiv-91996609-html-13510\/"},"modified":"2022-12-29T09:00:00","modified_gmt":"2022-12-29T08:00:00","slug":"schuelerinnen-und-schueler-gestalteten-neues-logo-mit-mittenwalder-karwendelmassiv-91996609-html","status":"publish","type":"post","link":"http:\/\/cms.mtsomnii.de\/w7\/merkur-de-gap\/schuelerinnen-und-schueler-gestalteten-neues-logo-mit-mittenwalder-karwendelmassiv-91996609-html-13510\/","title":{"rendered":"Sch\u00fclerinnen und Sch\u00fcler gestalteten neues Logo mit Mittenwalder Karwendelmassiv"},"content":{"rendered":"<div>Mittenwald \u2013 Im Juli 2020 hat der Mittenwalder Marktgemeinderat auf Wunsch der Lehrer und Sch\u00fcler die Bildungseinrichtung am Mauthweg offiziell in \u201eKarwendel-Grund- und Mittelschule\u201c umbenannt. Was noch fehlte, war ein dazu passendes Logo. Ein Fall f\u00fcr die in Kr\u00fcn wohnende K\u00fcnstlerin Manuela Dilly. Sie hat das von Sch\u00fclern entworfene und von einer fachkundigen Jury ausgesuchte Logo zum Anlass genommen, einen Wettbewerb zu organisieren, bei dem die Sch\u00fcler das neue Erkennungszeichen aus ihrer Sicht und mit den verschiedensten Materialien unter dem Motto \u201eStilrichtungen &#8211; mein Logo f\u00fcr die Schule Mittenwald\u201c pers\u00f6nlich interpretieren sollten.<\/div>\n","protected":false},"excerpt":{"rendered":"<p>Mittenwald \u2013 Im Juli 2020 hat der Mittenwalder Marktgemeinderat auf Wunsch der Lehrer und Sch\u00fcler die Bildungseinrichtung am Mauthweg offiziell in \u201eKarwendel-Grund- und Mittelschule\u201c umbenannt. Was noch fehlte, war ein dazu passendes Logo. Ein Fall f\u00fcr die in Kr\u00fcn wohnende K\u00fcnstlerin Manuela Dilly. Sie hat das von Sch\u00fclern entworfene und von einer fachkundigen Jury ausgesuchte Logo zum Anlass genommen, einen<\/p>\n","protected":false},"author":5,"featured_media":0,"comment_status":"closed","ping_status":"open","sticky":false,"template":"","format":"standard","meta":[],"categories":[5],"tags":[],"_links":{"self":[{"href":"http:\/\/cms.mtsomnii.de\/w7\/wp-json\/wp\/v2\/posts\/13510"}],"collection":[{"href":"http:\/\/cms.mtsomnii.de\/w7\/wp-json\/wp\/v2\/posts"}],"about":[{"href":"http:\/\/cms.mtsomnii.de\/w7\/wp-json\/wp\/v2\/types\/post"}],"author":[{"embeddable":true,"href":"http:\/\/cms.mtsomnii.de\/w7\/wp-json\/wp\/v2\/users\/5"}],"replies":[{"embeddable":true,"href":"http:\/\/cms.mtsomnii.de\/w7\/wp-json\/wp\/v2\/comments?post=13510"}],"version-history":[{"count":0,"href":"http:\/\/cms.mtsomnii.de\/w7\/wp-json\/wp\/v2\/posts\/13510\/revisions"}],"wp:attachment":[{"href":"http:\/\/cms.mtsomnii.de\/w7\/wp-json\/wp\/v2\/media?parent=13510"}],"wp:term":[{"taxonomy":"category","embeddable":true,"href":"http:\/\/cms.mtsomnii.de\/w7\/wp-json\/wp\/v2\/categories?post=13510"},{"taxonomy":"post_tag","embeddable":true,"href":"http:\/\/cms.mtsomnii.de\/w7\/wp-json\/wp\/v2\/tags?post=13510"}],"curies":[{"name":"wp","href":"https:\/\/api.w.org\/{rel}","templated":true}]}}