{"id":13512,"date":"2022-12-29T12:00:00","date_gmt":"2022-12-29T11:00:00","guid":{"rendered":"http:\/\/cms.mtsomnii.de\/w7\/merkur-de-gap\/am-januar-bleibt-kuenftig-dunkel-91999634-html-13512\/"},"modified":"2022-12-29T12:00:00","modified_gmt":"2022-12-29T11:00:00","slug":"am-januar-bleibt-kuenftig-dunkel-91999634-html","status":"publish","type":"post","link":"http:\/\/cms.mtsomnii.de\/w7\/merkur-de-gap\/am-januar-bleibt-kuenftig-dunkel-91999634-html-13512\/","title":{"rendered":"Am 1. Januar bleibt\u2019s dunkel: K\u00fcnftig kein Feuerwerk an Neujahr mehr"},"content":{"rendered":"<div>Sein Zehnj\u00e4hriges h\u00e4tte es diesmal gefeiert. Daraus wird nichts. Das beliebte Oberammergauer Feuerwerk an Neujahr wird es k\u00fcnftig nicht mehr geben. Unter anderem aus Umweltgr\u00fcnden.<\/div>\n","protected":false},"excerpt":{"rendered":"<p>Sein Zehnj\u00e4hriges h\u00e4tte es diesmal gefeiert. Daraus wird nichts. Das beliebte Oberammergauer Feuerwerk an Neujahr wird es k\u00fcnftig nicht mehr geben. Unter anderem aus Umweltgr\u00fcnden.<\/p>\n","protected":false},"author":5,"featured_media":0,"comment_status":"closed","ping_status":"open","sticky":false,"template":"","format":"standard","meta":[],"categories":[5],"tags":[],"_links":{"self":[{"href":"http:\/\/cms.mtsomnii.de\/w7\/wp-json\/wp\/v2\/posts\/13512"}],"collection":[{"href":"http:\/\/cms.mtsomnii.de\/w7\/wp-json\/wp\/v2\/posts"}],"about":[{"href":"http:\/\/cms.mtsomnii.de\/w7\/wp-json\/wp\/v2\/types\/post"}],"author":[{"embeddable":true,"href":"http:\/\/cms.mtsomnii.de\/w7\/wp-json\/wp\/v2\/users\/5"}],"replies":[{"embeddable":true,"href":"http:\/\/cms.mtsomnii.de\/w7\/wp-json\/wp\/v2\/comments?post=13512"}],"version-history":[{"count":0,"href":"http:\/\/cms.mtsomnii.de\/w7\/wp-json\/wp\/v2\/posts\/13512\/revisions"}],"wp:attachment":[{"href":"http:\/\/cms.mtsomnii.de\/w7\/wp-json\/wp\/v2\/media?parent=13512"}],"wp:term":[{"taxonomy":"category","embeddable":true,"href":"http:\/\/cms.mtsomnii.de\/w7\/wp-json\/wp\/v2\/categories?post=13512"},{"taxonomy":"post_tag","embeddable":true,"href":"http:\/\/cms.mtsomnii.de\/w7\/wp-json\/wp\/v2\/tags?post=13512"}],"curies":[{"name":"wp","href":"https:\/\/api.w.org\/{rel}","templated":true}]}}