{"id":13533,"date":"2023-01-03T04:52:27","date_gmt":"2023-01-03T03:52:27","guid":{"rendered":"http:\/\/cms.mtsomnii.de\/w7\/merkur-de-gap\/bleibt-kuenftig-dunkel-am-januar-91999634-html-13533\/"},"modified":"2023-01-03T04:52:27","modified_gmt":"2023-01-03T03:52:27","slug":"bleibt-kuenftig-dunkel-am-januar-91999634-html","status":"publish","type":"post","link":"http:\/\/cms.mtsomnii.de\/w7\/merkur-de-gap\/bleibt-kuenftig-dunkel-am-januar-91999634-html-13533\/","title":{"rendered":"Am 1. Januar bleibt\u2019s dunkel: K\u00fcnftig kein Feuerwerk an Neujahr mehr"},"content":{"rendered":"<div>Sein Zehnj\u00e4hriges h\u00e4tte es diesmal gefeiert. Daraus wird nichts. Das beliebte Oberammergauer Feuerwerk an Neujahr wird es k\u00fcnftig nicht mehr geben. Unter anderem aus Umweltgr\u00fcnden.<\/div>\n","protected":false},"excerpt":{"rendered":"<p>Sein Zehnj\u00e4hriges h\u00e4tte es diesmal gefeiert. Daraus wird nichts. Das beliebte Oberammergauer Feuerwerk an Neujahr wird es k\u00fcnftig nicht mehr geben. Unter anderem aus Umweltgr\u00fcnden.<\/p>\n","protected":false},"author":5,"featured_media":0,"comment_status":"closed","ping_status":"open","sticky":false,"template":"","format":"standard","meta":[],"categories":[5],"tags":[],"_links":{"self":[{"href":"http:\/\/cms.mtsomnii.de\/w7\/wp-json\/wp\/v2\/posts\/13533"}],"collection":[{"href":"http:\/\/cms.mtsomnii.de\/w7\/wp-json\/wp\/v2\/posts"}],"about":[{"href":"http:\/\/cms.mtsomnii.de\/w7\/wp-json\/wp\/v2\/types\/post"}],"author":[{"embeddable":true,"href":"http:\/\/cms.mtsomnii.de\/w7\/wp-json\/wp\/v2\/users\/5"}],"replies":[{"embeddable":true,"href":"http:\/\/cms.mtsomnii.de\/w7\/wp-json\/wp\/v2\/comments?post=13533"}],"version-history":[{"count":0,"href":"http:\/\/cms.mtsomnii.de\/w7\/wp-json\/wp\/v2\/posts\/13533\/revisions"}],"wp:attachment":[{"href":"http:\/\/cms.mtsomnii.de\/w7\/wp-json\/wp\/v2\/media?parent=13533"}],"wp:term":[{"taxonomy":"category","embeddable":true,"href":"http:\/\/cms.mtsomnii.de\/w7\/wp-json\/wp\/v2\/categories?post=13533"},{"taxonomy":"post_tag","embeddable":true,"href":"http:\/\/cms.mtsomnii.de\/w7\/wp-json\/wp\/v2\/tags?post=13533"}],"curies":[{"name":"wp","href":"https:\/\/api.w.org\/{rel}","templated":true}]}}