{"id":13555,"date":"2023-01-04T12:00:00","date_gmt":"2023-01-04T11:00:00","guid":{"rendered":"http:\/\/cms.mtsomnii.de\/w7\/merkur-de-gap\/sperrung-des-wanderparkplatzes-am-lindenbach-von-grafenaschau-richtung-bad-kohlgrub-notwendig-92009329-html-13555\/"},"modified":"2023-01-04T12:00:00","modified_gmt":"2023-01-04T11:00:00","slug":"sperrung-des-wanderparkplatzes-am-lindenbach-von-grafenaschau-richtung-bad-kohlgrub-notwendig-92009329-html","status":"publish","type":"post","link":"http:\/\/cms.mtsomnii.de\/w7\/merkur-de-gap\/sperrung-des-wanderparkplatzes-am-lindenbach-von-grafenaschau-richtung-bad-kohlgrub-notwendig-92009329-html-13555\/","title":{"rendered":"Sperrung des Wanderparkplatzes \u201eAm Lindenbach\u201c von Grafenaschau Richtung Bad Kohlgrub notwendig"},"content":{"rendered":"<div>Grafenaschau \/ Bad Kohlgrub &#8211; Ein winziger Pilz bzw. dessen Sporen sind daf\u00fcr verantwortlich, dass zahlreiche Eschen im Bereich des Wanderparkplatzes Lindenbach, an der Forststra\u00dfe von Grafenaschau nach Bad Kohlgrub, gef\u00e4llt werden m\u00fcssen. Auch die Stra\u00dfe selbst wird immer wieder kurzfristig gesperrt. Die Ma\u00dfnahme findet ab 09. Januar 2023\u00a0auf den Fl\u00e4chen der Bayerische Staatsforsten A\u00f6R statt. Mitarbeiter des Forstbetriebs Oberammergau regeln den Verkehr und \u00fcberwachen, dass sich Wanderer, Radfahrer und der land- und forstwirtschaftliche Verkehr zur eigenen Sicherheit an die Sperrungen halten.<\/div>\n","protected":false},"excerpt":{"rendered":"<p>Grafenaschau \/ Bad Kohlgrub &#8211; Ein winziger Pilz bzw. dessen Sporen sind daf\u00fcr verantwortlich, dass zahlreiche Eschen im Bereich des Wanderparkplatzes Lindenbach, an der Forststra\u00dfe von Grafenaschau nach Bad Kohlgrub, gef\u00e4llt werden m\u00fcssen. Auch die Stra\u00dfe selbst wird immer wieder kurzfristig gesperrt. Die Ma\u00dfnahme findet ab 09. Januar 2023\u00a0auf den Fl\u00e4chen der Bayerische Staatsforsten A\u00f6R statt. Mitarbeiter des Forstbetriebs Oberammergau<\/p>\n","protected":false},"author":5,"featured_media":0,"comment_status":"closed","ping_status":"open","sticky":false,"template":"","format":"standard","meta":[],"categories":[5],"tags":[],"_links":{"self":[{"href":"http:\/\/cms.mtsomnii.de\/w7\/wp-json\/wp\/v2\/posts\/13555"}],"collection":[{"href":"http:\/\/cms.mtsomnii.de\/w7\/wp-json\/wp\/v2\/posts"}],"about":[{"href":"http:\/\/cms.mtsomnii.de\/w7\/wp-json\/wp\/v2\/types\/post"}],"author":[{"embeddable":true,"href":"http:\/\/cms.mtsomnii.de\/w7\/wp-json\/wp\/v2\/users\/5"}],"replies":[{"embeddable":true,"href":"http:\/\/cms.mtsomnii.de\/w7\/wp-json\/wp\/v2\/comments?post=13555"}],"version-history":[{"count":0,"href":"http:\/\/cms.mtsomnii.de\/w7\/wp-json\/wp\/v2\/posts\/13555\/revisions"}],"wp:attachment":[{"href":"http:\/\/cms.mtsomnii.de\/w7\/wp-json\/wp\/v2\/media?parent=13555"}],"wp:term":[{"taxonomy":"category","embeddable":true,"href":"http:\/\/cms.mtsomnii.de\/w7\/wp-json\/wp\/v2\/categories?post=13555"},{"taxonomy":"post_tag","embeddable":true,"href":"http:\/\/cms.mtsomnii.de\/w7\/wp-json\/wp\/v2\/tags?post=13555"}],"curies":[{"name":"wp","href":"https:\/\/api.w.org\/{rel}","templated":true}]}}