{"id":13924,"date":"2023-01-31T09:00:00","date_gmt":"2023-01-31T08:00:00","guid":{"rendered":"http:\/\/cms.mtsomnii.de\/w7\/merkur-de-gap\/g7-buergermeister-vor-karrieresprung-92058363-html-2-13924\/"},"modified":"2023-01-31T09:00:00","modified_gmt":"2023-01-31T08:00:00","slug":"g7-buergermeister-vor-karrieresprung-92058363-html-2","status":"publish","type":"post","link":"http:\/\/cms.mtsomnii.de\/w7\/merkur-de-gap\/g7-buergermeister-vor-karrieresprung-92058363-html-2-13924\/","title":{"rendered":"G7-B\u00fcrgermeister vor Karrieresprung"},"content":{"rendered":"<div>Thomas Schwarzenberger (CSU) wird schon lange f\u00fcr den einen oder anderen politischen Posten gehandelt. Jetzt zeichnet sich ab: Der Rathauschef aus Kr\u00fcn k\u00f6nnte im Herbst der neue Pr\u00e4sident des Bezirkstags von Oberbayern werden. Eine Vorentscheidung zu seinen Gunsten soll am Wochenende in seiner Partei bereits gefallen sein.<\/div>\n","protected":false},"excerpt":{"rendered":"<p>Thomas Schwarzenberger (CSU) wird schon lange f\u00fcr den einen oder anderen politischen Posten gehandelt. Jetzt zeichnet sich ab: Der Rathauschef aus Kr\u00fcn k\u00f6nnte im Herbst der neue Pr\u00e4sident des Bezirkstags von Oberbayern werden. Eine Vorentscheidung zu seinen Gunsten soll am Wochenende in seiner Partei bereits gefallen sein.<\/p>\n","protected":false},"author":5,"featured_media":0,"comment_status":"closed","ping_status":"open","sticky":false,"template":"","format":"standard","meta":[],"categories":[5],"tags":[],"_links":{"self":[{"href":"http:\/\/cms.mtsomnii.de\/w7\/wp-json\/wp\/v2\/posts\/13924"}],"collection":[{"href":"http:\/\/cms.mtsomnii.de\/w7\/wp-json\/wp\/v2\/posts"}],"about":[{"href":"http:\/\/cms.mtsomnii.de\/w7\/wp-json\/wp\/v2\/types\/post"}],"author":[{"embeddable":true,"href":"http:\/\/cms.mtsomnii.de\/w7\/wp-json\/wp\/v2\/users\/5"}],"replies":[{"embeddable":true,"href":"http:\/\/cms.mtsomnii.de\/w7\/wp-json\/wp\/v2\/comments?post=13924"}],"version-history":[{"count":0,"href":"http:\/\/cms.mtsomnii.de\/w7\/wp-json\/wp\/v2\/posts\/13924\/revisions"}],"wp:attachment":[{"href":"http:\/\/cms.mtsomnii.de\/w7\/wp-json\/wp\/v2\/media?parent=13924"}],"wp:term":[{"taxonomy":"category","embeddable":true,"href":"http:\/\/cms.mtsomnii.de\/w7\/wp-json\/wp\/v2\/categories?post=13924"},{"taxonomy":"post_tag","embeddable":true,"href":"http:\/\/cms.mtsomnii.de\/w7\/wp-json\/wp\/v2\/tags?post=13924"}],"curies":[{"name":"wp","href":"https:\/\/api.w.org\/{rel}","templated":true}]}}