{"id":13926,"date":"2023-01-31T15:59:18","date_gmt":"2023-01-31T14:59:18","guid":{"rendered":"http:\/\/cms.mtsomnii.de\/w7\/merkur-de-gap\/erzdioezese-entbindet-dekan-groener-von-seinen-aufgaben-92060167-html-13926\/"},"modified":"2023-01-31T15:59:18","modified_gmt":"2023-01-31T14:59:18","slug":"erzdioezese-entbindet-dekan-groener-von-seinen-aufgaben-92060167-html","status":"publish","type":"post","link":"http:\/\/cms.mtsomnii.de\/w7\/merkur-de-gap\/erzdioezese-entbindet-dekan-groener-von-seinen-aufgaben-92060167-html-13926\/","title":{"rendered":"\u201eAus pers\u00f6nlichen Gr\u00fcnden\u201c: Erzdi\u00f6zese entbindet Dekan Gr\u00f6ner von seinen Aufgaben"},"content":{"rendered":"<div>Das kam \u00fcberraschend: Der Geistliche Thomas Gr\u00f6ner kommt ab sofort seiner Arbeit nicht mehr nach. Er wurde von seinen Aufgaben als Pfarrer und Dekan entbunden.<\/div>\n","protected":false},"excerpt":{"rendered":"<p>Das kam \u00fcberraschend: Der Geistliche Thomas Gr\u00f6ner kommt ab sofort seiner Arbeit nicht mehr nach. Er wurde von seinen Aufgaben als Pfarrer und Dekan entbunden.<\/p>\n","protected":false},"author":5,"featured_media":0,"comment_status":"closed","ping_status":"open","sticky":false,"template":"","format":"standard","meta":[],"categories":[5],"tags":[],"_links":{"self":[{"href":"http:\/\/cms.mtsomnii.de\/w7\/wp-json\/wp\/v2\/posts\/13926"}],"collection":[{"href":"http:\/\/cms.mtsomnii.de\/w7\/wp-json\/wp\/v2\/posts"}],"about":[{"href":"http:\/\/cms.mtsomnii.de\/w7\/wp-json\/wp\/v2\/types\/post"}],"author":[{"embeddable":true,"href":"http:\/\/cms.mtsomnii.de\/w7\/wp-json\/wp\/v2\/users\/5"}],"replies":[{"embeddable":true,"href":"http:\/\/cms.mtsomnii.de\/w7\/wp-json\/wp\/v2\/comments?post=13926"}],"version-history":[{"count":0,"href":"http:\/\/cms.mtsomnii.de\/w7\/wp-json\/wp\/v2\/posts\/13926\/revisions"}],"wp:attachment":[{"href":"http:\/\/cms.mtsomnii.de\/w7\/wp-json\/wp\/v2\/media?parent=13926"}],"wp:term":[{"taxonomy":"category","embeddable":true,"href":"http:\/\/cms.mtsomnii.de\/w7\/wp-json\/wp\/v2\/categories?post=13926"},{"taxonomy":"post_tag","embeddable":true,"href":"http:\/\/cms.mtsomnii.de\/w7\/wp-json\/wp\/v2\/tags?post=13926"}],"curies":[{"name":"wp","href":"https:\/\/api.w.org\/{rel}","templated":true}]}}