{"id":14166,"date":"2023-02-28T14:40:23","date_gmt":"2023-02-28T13:40:23","guid":{"rendered":"http:\/\/cms.mtsomnii.de\/w7\/merkur-de-gap\/neue-hauptsaion-bei-der-zugspitzbahn-sorgt-fuer-aerger-92114583-html-14166\/"},"modified":"2023-02-28T14:40:23","modified_gmt":"2023-02-28T13:40:23","slug":"neue-hauptsaion-bei-der-zugspitzbahn-sorgt-fuer-aerger-92114583-html","status":"publish","type":"post","link":"http:\/\/cms.mtsomnii.de\/w7\/merkur-de-gap\/neue-hauptsaion-bei-der-zugspitzbahn-sorgt-fuer-aerger-92114583-html-14166\/","title":{"rendered":"Neue \u201eHauptsaison\u201c in Garmisch-Partenkirchen: Top-Zuschlag und keine Vormittagsp\u00e4sse f\u00fcr Skifahrer"},"content":{"rendered":"<div>Die Bayerische Zugspitzbahn AG hat in den Phasen des gr\u00f6\u00dften Andrangs ein Kapazit\u00e4tsproblemen in den Skigebieten. Daher hat sie heuer eine neue Hauoptsaison eingef\u00fchrt &#8211; \u00fcber den Jahreswechsel und an Fasching. Nicht alle sind erfreut dar\u00fcber.<\/div>\n","protected":false},"excerpt":{"rendered":"<p>Die Bayerische Zugspitzbahn AG hat in den Phasen des gr\u00f6\u00dften Andrangs ein Kapazit\u00e4tsproblemen in den Skigebieten. Daher hat sie heuer eine neue Hauoptsaison eingef\u00fchrt &#8211; \u00fcber den Jahreswechsel und an Fasching. Nicht alle sind erfreut dar\u00fcber.<\/p>\n","protected":false},"author":5,"featured_media":0,"comment_status":"closed","ping_status":"open","sticky":false,"template":"","format":"standard","meta":[],"categories":[5],"tags":[],"_links":{"self":[{"href":"http:\/\/cms.mtsomnii.de\/w7\/wp-json\/wp\/v2\/posts\/14166"}],"collection":[{"href":"http:\/\/cms.mtsomnii.de\/w7\/wp-json\/wp\/v2\/posts"}],"about":[{"href":"http:\/\/cms.mtsomnii.de\/w7\/wp-json\/wp\/v2\/types\/post"}],"author":[{"embeddable":true,"href":"http:\/\/cms.mtsomnii.de\/w7\/wp-json\/wp\/v2\/users\/5"}],"replies":[{"embeddable":true,"href":"http:\/\/cms.mtsomnii.de\/w7\/wp-json\/wp\/v2\/comments?post=14166"}],"version-history":[{"count":0,"href":"http:\/\/cms.mtsomnii.de\/w7\/wp-json\/wp\/v2\/posts\/14166\/revisions"}],"wp:attachment":[{"href":"http:\/\/cms.mtsomnii.de\/w7\/wp-json\/wp\/v2\/media?parent=14166"}],"wp:term":[{"taxonomy":"category","embeddable":true,"href":"http:\/\/cms.mtsomnii.de\/w7\/wp-json\/wp\/v2\/categories?post=14166"},{"taxonomy":"post_tag","embeddable":true,"href":"http:\/\/cms.mtsomnii.de\/w7\/wp-json\/wp\/v2\/tags?post=14166"}],"curies":[{"name":"wp","href":"https:\/\/api.w.org\/{rel}","templated":true}]}}