{"id":14178,"date":"2023-03-02T09:00:00","date_gmt":"2023-03-02T08:00:00","guid":{"rendered":"http:\/\/cms.mtsomnii.de\/w7\/kreisbote-gap\/kunst-krempel-kommt-ins-kloster-benediktbeuern-92102322-html-14178\/"},"modified":"2023-03-02T09:00:00","modified_gmt":"2023-03-02T08:00:00","slug":"kunst-krempel-kommt-ins-kloster-benediktbeuern-92102322-html","status":"publish","type":"post","link":"http:\/\/cms.mtsomnii.de\/w7\/kreisbote-gap\/kunst-krempel-kommt-ins-kloster-benediktbeuern-92102322-html-14178\/","title":{"rendered":"Kunst + Krempel kommt ins Kloster Benediktbeuern"},"content":{"rendered":"<div>Region \u2013 Von Freitag, 12. bis Sonntag, 14. Mai 2023 wird Kunst + Krempel im Kloster Benediktbeuern aufgezeichnet. Wer mehr \u00fcber seine Familiensch\u00e4tze erfahren m\u00f6chte, kann sich ab sofort bewerben. Es werden 19 Folgen produziert, die voraussichtlich ab Juni 2023 im BR Fernsehen, in 3sat und immer am Donnerstag vor der Sendung in der ARD-Mediathek zu sehen sein werden.<\/div>\n","protected":false},"excerpt":{"rendered":"<p>Region \u2013 Von Freitag, 12. bis Sonntag, 14. Mai 2023 wird Kunst + Krempel im Kloster Benediktbeuern aufgezeichnet. Wer mehr \u00fcber seine Familiensch\u00e4tze erfahren m\u00f6chte, kann sich ab sofort bewerben. Es werden 19 Folgen produziert, die voraussichtlich ab Juni 2023 im BR Fernsehen, in 3sat und immer am Donnerstag vor der Sendung in der ARD-Mediathek zu sehen sein werden.<\/p>\n","protected":false},"author":4,"featured_media":0,"comment_status":"closed","ping_status":"open","sticky":false,"template":"","format":"standard","meta":[],"categories":[2],"tags":[],"_links":{"self":[{"href":"http:\/\/cms.mtsomnii.de\/w7\/wp-json\/wp\/v2\/posts\/14178"}],"collection":[{"href":"http:\/\/cms.mtsomnii.de\/w7\/wp-json\/wp\/v2\/posts"}],"about":[{"href":"http:\/\/cms.mtsomnii.de\/w7\/wp-json\/wp\/v2\/types\/post"}],"author":[{"embeddable":true,"href":"http:\/\/cms.mtsomnii.de\/w7\/wp-json\/wp\/v2\/users\/4"}],"replies":[{"embeddable":true,"href":"http:\/\/cms.mtsomnii.de\/w7\/wp-json\/wp\/v2\/comments?post=14178"}],"version-history":[{"count":0,"href":"http:\/\/cms.mtsomnii.de\/w7\/wp-json\/wp\/v2\/posts\/14178\/revisions"}],"wp:attachment":[{"href":"http:\/\/cms.mtsomnii.de\/w7\/wp-json\/wp\/v2\/media?parent=14178"}],"wp:term":[{"taxonomy":"category","embeddable":true,"href":"http:\/\/cms.mtsomnii.de\/w7\/wp-json\/wp\/v2\/categories?post=14178"},{"taxonomy":"post_tag","embeddable":true,"href":"http:\/\/cms.mtsomnii.de\/w7\/wp-json\/wp\/v2\/tags?post=14178"}],"curies":[{"name":"wp","href":"https:\/\/api.w.org\/{rel}","templated":true}]}}